{"id":8994,"date":"2023-01-12T23:14:00","date_gmt":"2023-01-12T21:14:00","guid":{"rendered":"http:\/\/www.ffwschwebheim.de\/?p=8994"},"modified":"2023-02-10T23:14:39","modified_gmt":"2023-02-10T21:14:39","slug":"03-einsatz-brand-gartenhuette-am-donnerstag-12-01-2023-um-1553-uhr","status":"publish","type":"post","link":"https:\/\/www.ffwschwebheim.de\/?p=8994","title":{"rendered":"03. Einsatz: Brand Gartenh\u00fctte am Donnerstag, 12.01.2023 um 15:53 Uhr"},"content":{"rendered":"\n<p>Am Donnerstag den 12.01.2023 wurden wir um 15.53 Uhr zu unseren Kameraden nach Sennfeld alarmiert. Hier brande eine Gartenh\u00fctte. Noch auf der Anfahrt konnten wir die Einsatzfahrt abbrechen. <\/p>\n\n\n\n<p><strong>Alarmierung \u00fcber:<\/strong><\/p>\n\n\n\n<ul>\n<li>Funkmeldeempf\u00e4nger <\/li>\n\n\n\n<li>Handyalarmierung <\/li>\n<\/ul>\n\n\n\n<p><strong>Eingesetzte Kr\u00e4fte:<\/strong><\/p>\n\n\n\n<ul>\n<li>LF16\/12 <\/li>\n\n\n\n<li>Feuerwehr Sennfeld <\/li>\n\n\n\n<li>Feuerwehr Gochsheim <\/li>\n\n\n\n<li>Rettungsdienst <\/li>\n\n\n\n<li>Polizei <\/li>\n<\/ul>\n\n\n\n<p><\/p>\n","protected":false},"excerpt":{"rendered":"<p>Am Donnerstag den 12.01.2023 wurden wir um 15.53 Uhr zu unseren Kameraden nach Sennfeld alarmiert. Hier brande eine Gartenh\u00fctte. Noch auf der Anfahrt konnten wir die Einsatzfahrt abbrechen. Alarmierung \u00fcber: Eingesetzte Kr\u00e4fte:<\/p>\n","protected":false},"author":4,"featured_media":0,"comment_status":"closed","ping_status":"open","sticky":false,"template":"","format":"standard","meta":[],"categories":[17,42],"tags":[],"_links":{"self":[{"href":"https:\/\/www.ffwschwebheim.de\/index.php?rest_route=\/wp\/v2\/posts\/8994"}],"collection":[{"href":"https:\/\/www.ffwschwebheim.de\/index.php?rest_route=\/wp\/v2\/posts"}],"about":[{"href":"https:\/\/www.ffwschwebheim.de\/index.php?rest_route=\/wp\/v2\/types\/post"}],"author":[{"embeddable":true,"href":"https:\/\/www.ffwschwebheim.de\/index.php?rest_route=\/wp\/v2\/users\/4"}],"replies":[{"embeddable":true,"href":"https:\/\/www.ffwschwebheim.de\/index.php?rest_route=%2Fwp%2Fv2%2Fcomments&post=8994"}],"version-history":[{"count":1,"href":"https:\/\/www.ffwschwebheim.de\/index.php?rest_route=\/wp\/v2\/posts\/8994\/revisions"}],"predecessor-version":[{"id":8995,"href":"https:\/\/www.ffwschwebheim.de\/index.php?rest_route=\/wp\/v2\/posts\/8994\/revisions\/8995"}],"wp:attachment":[{"href":"https:\/\/www.ffwschwebheim.de\/index.php?rest_route=%2Fwp%2Fv2%2Fmedia&parent=8994"}],"wp:term":[{"taxonomy":"category","embeddable":true,"href":"https:\/\/www.ffwschwebheim.de\/index.php?rest_route=%2Fwp%2Fv2%2Fcategories&post=8994"},{"taxonomy":"post_tag","embeddable":true,"href":"https:\/\/www.ffwschwebheim.de\/index.php?rest_route=%2Fwp%2Fv2%2Ftags&post=8994"}],"curies":[{"name":"wp","href":"https:\/\/api.w.org\/{rel}","templated":true}]}}