{"id":8749,"date":"2021-07-10T15:36:00","date_gmt":"2021-07-10T13:36:00","guid":{"rendered":"http:\/\/www.ffwschwebheim.de\/?p=8749"},"modified":"2021-08-02T15:40:32","modified_gmt":"2021-08-02T13:40:32","slug":"31-einsatz-brand-gartenhuette-am-samstag-10-07-2021-um-1344-uhr","status":"publish","type":"post","link":"https:\/\/www.ffwschwebheim.de\/?p=8749","title":{"rendered":"31. Einsatz: Brand Gartenh\u00fctte am Samstag, 10.07.2021 um 13:44 Uhr"},"content":{"rendered":"\n<p>Am Samstag den 10.07.2021 bekamen wir gegen 13:44 Uhr auf der R\u00fcckfahrt von den Unwetter Eins\u00e4tzen die Alarmierung von unseren Kameraden aus R\u00f6thlein mit. Wir boten uns an, da wir in der n\u00e4he waren mit anzufahren. Somit machten wir uns mit 2 Atemschutzger\u00e4tetr\u00e4gern mit auf den Weg zu diesen Einsatz. <\/p>\n\n\n\n<p><strong>Eingesetzte Kr\u00e4fte: <\/strong><\/p>\n\n\n\n<ul><li>Florian Schwebheim 56\/1<\/li><li>Feuerwehr R\u00f6thlein <\/li><li>Feuerwehr Grafenrheinfeld<\/li><li>Feuerwehr Gochsheim<\/li><li>Polizei<\/li><li>Rettungsdienst <\/li><\/ul>\n","protected":false},"excerpt":{"rendered":"<p>Am Samstag den 10.07.2021 bekamen wir gegen 13:44 Uhr auf der R\u00fcckfahrt von den Unwetter Eins\u00e4tzen die Alarmierung von unseren Kameraden aus R\u00f6thlein mit. Wir boten uns an, da wir in der n\u00e4he waren mit anzufahren. Somit machten wir uns &hellip; <a href=\"https:\/\/www.ffwschwebheim.de\/?p=8749\">Weiterlesen <span class=\"meta-nav\">&rarr;<\/span><\/a><\/p>\n","protected":false},"author":4,"featured_media":0,"comment_status":"closed","ping_status":"open","sticky":false,"template":"","format":"standard","meta":[],"categories":[17,38],"tags":[],"_links":{"self":[{"href":"https:\/\/www.ffwschwebheim.de\/index.php?rest_route=\/wp\/v2\/posts\/8749"}],"collection":[{"href":"https:\/\/www.ffwschwebheim.de\/index.php?rest_route=\/wp\/v2\/posts"}],"about":[{"href":"https:\/\/www.ffwschwebheim.de\/index.php?rest_route=\/wp\/v2\/types\/post"}],"author":[{"embeddable":true,"href":"https:\/\/www.ffwschwebheim.de\/index.php?rest_route=\/wp\/v2\/users\/4"}],"replies":[{"embeddable":true,"href":"https:\/\/www.ffwschwebheim.de\/index.php?rest_route=%2Fwp%2Fv2%2Fcomments&post=8749"}],"version-history":[{"count":1,"href":"https:\/\/www.ffwschwebheim.de\/index.php?rest_route=\/wp\/v2\/posts\/8749\/revisions"}],"predecessor-version":[{"id":8750,"href":"https:\/\/www.ffwschwebheim.de\/index.php?rest_route=\/wp\/v2\/posts\/8749\/revisions\/8750"}],"wp:attachment":[{"href":"https:\/\/www.ffwschwebheim.de\/index.php?rest_route=%2Fwp%2Fv2%2Fmedia&parent=8749"}],"wp:term":[{"taxonomy":"category","embeddable":true,"href":"https:\/\/www.ffwschwebheim.de\/index.php?rest_route=%2Fwp%2Fv2%2Fcategories&post=8749"},{"taxonomy":"post_tag","embeddable":true,"href":"https:\/\/www.ffwschwebheim.de\/index.php?rest_route=%2Fwp%2Fv2%2Ftags&post=8749"}],"curies":[{"name":"wp","href":"https:\/\/api.w.org\/{rel}","templated":true}]}}