{"id":8600,"date":"2020-08-21T13:31:17","date_gmt":"2020-08-21T11:31:17","guid":{"rendered":"http:\/\/www.ffwschwebheim.de\/?p=8600"},"modified":"2020-09-22T13:35:59","modified_gmt":"2020-09-22T11:35:59","slug":"32-einsatz-gebaeudebrand-grettstadt-am-freitag-21-08-2020-um-0926-uhr","status":"publish","type":"post","link":"https:\/\/www.ffwschwebheim.de\/?p=8600","title":{"rendered":"32. Einsatz: Geb\u00e4udebrand Grettstadt am Freitag, 21.08.2020 um 09:26 Uhr"},"content":{"rendered":"\n<p>Am Freitag den 21.08.2020 wurden wir um 09:26 Uhr zu einem Geb\u00e4udebrand nach Grettstadt alarmiert. Vor Ort wurde von uns die Unterst\u00fctzung von Atemschutztr\u00e4gern ben\u00f6tigt. <\/p>\n\n\n\n<p><strong>Eingesetze Kr\u00e4fte: <\/strong><\/p>\n\n\n\n<ul><li>Florian Schwebheim 40\/1<\/li><li>Florian Schwebheim 44\/1<\/li><li>Feuerwehr Grettstadt <\/li><li>Feuerwehr Gochsheim <\/li><li>Rettungsdienst<\/li><li>Polizei<\/li><\/ul>\n","protected":false},"excerpt":{"rendered":"<p>Am Freitag den 21.08.2020 wurden wir um 09:26 Uhr zu einem Geb\u00e4udebrand nach Grettstadt alarmiert. Vor Ort wurde von uns die Unterst\u00fctzung von Atemschutztr\u00e4gern ben\u00f6tigt. Eingesetze Kr\u00e4fte: Florian Schwebheim 40\/1 Florian Schwebheim 44\/1 Feuerwehr Grettstadt Feuerwehr Gochsheim Rettungsdienst Polizei<\/p>\n","protected":false},"author":4,"featured_media":0,"comment_status":"closed","ping_status":"open","sticky":false,"template":"","format":"standard","meta":[],"categories":[17,36],"tags":[],"_links":{"self":[{"href":"https:\/\/www.ffwschwebheim.de\/index.php?rest_route=\/wp\/v2\/posts\/8600"}],"collection":[{"href":"https:\/\/www.ffwschwebheim.de\/index.php?rest_route=\/wp\/v2\/posts"}],"about":[{"href":"https:\/\/www.ffwschwebheim.de\/index.php?rest_route=\/wp\/v2\/types\/post"}],"author":[{"embeddable":true,"href":"https:\/\/www.ffwschwebheim.de\/index.php?rest_route=\/wp\/v2\/users\/4"}],"replies":[{"embeddable":true,"href":"https:\/\/www.ffwschwebheim.de\/index.php?rest_route=%2Fwp%2Fv2%2Fcomments&post=8600"}],"version-history":[{"count":1,"href":"https:\/\/www.ffwschwebheim.de\/index.php?rest_route=\/wp\/v2\/posts\/8600\/revisions"}],"predecessor-version":[{"id":8601,"href":"https:\/\/www.ffwschwebheim.de\/index.php?rest_route=\/wp\/v2\/posts\/8600\/revisions\/8601"}],"wp:attachment":[{"href":"https:\/\/www.ffwschwebheim.de\/index.php?rest_route=%2Fwp%2Fv2%2Fmedia&parent=8600"}],"wp:term":[{"taxonomy":"category","embeddable":true,"href":"https:\/\/www.ffwschwebheim.de\/index.php?rest_route=%2Fwp%2Fv2%2Fcategories&post=8600"},{"taxonomy":"post_tag","embeddable":true,"href":"https:\/\/www.ffwschwebheim.de\/index.php?rest_route=%2Fwp%2Fv2%2Ftags&post=8600"}],"curies":[{"name":"wp","href":"https:\/\/api.w.org\/{rel}","templated":true}]}}