{"id":8566,"date":"2020-04-04T14:49:00","date_gmt":"2020-04-04T12:49:00","guid":{"rendered":"http:\/\/www.ffwschwebheim.de\/?p=8566"},"modified":"2020-05-08T14:52:53","modified_gmt":"2020-05-08T12:52:53","slug":"11-einsatz-rauchentwicklung-im-gebaeude-am-samstag-04-04-2020-um-0026-uhr","status":"publish","type":"post","link":"https:\/\/www.ffwschwebheim.de\/?p=8566","title":{"rendered":"11. Einsatz: Rauchentwicklung im Geb\u00e4ude am Samstag, 04.04.2020 um 00:26 Uhr"},"content":{"rendered":"\n<p>Am Samstag den 04.04.2020 wurden wir um 0:27 zu einem Wohnhausbrand alarmiert. Beim Eintreffen der Feuerwehr befanden sich noch Personen im Geb\u00e4ude. Unsere Aufgaben fokussierten sich zun\u00e4chst auf die Personenrettung und dann auf die Brandbek\u00e4mpfung. Aufgrund des Einsatzbildes wurden noch weitere Kr\u00e4fte nachalarmiert. Um 03:40 war der Einsatz f\u00fcr uns beendet.<br>Vielen Dank an die Feuerwehren\u00a0<\/p>\n\n\n\n<p>Eingesetzte Kr\u00e4fte:<br>&#8211; Florian Schwebheim 40\/1<br>&#8211; Florian Schwebheim 56\/1<br>&#8211; Florian Schwebheim 44\/1<br>&#8211;\u00a0<a href=\"https:\/\/www.facebook.com\/FeuerwehrRoethlein\/?__tn__=K-R&amp;eid=ARB8V5QS7JjcYAPdPQzlbbDTDSN6Q9UloisBLi-FoEv2AYiaHE2nHw_uq7CHsnEqbqFQNDF-iCDIbmSu&amp;fref=mentions&amp;__xts__%5B0%5D=68.ARB8IyTpqAWm9dmIY2P4pU9vS405G7C2SymsJcMWFvwjrnMj-VsIpcRmYMmNE_N8OvrQ2oE9QwmIQES4gUbHqEvyu8w4gIk2fR57wKwLp97fgo-TIqEH2vwz8wOtbGWiFz2DAiBbQNTSa18wSi2yPiAuE8hwjJKmiEi-MuV6R2TJ5rRe9dPeLcUU5kQQ5fylp71Te-PMb4An26FyrC0p5vPcBgC7NJx4QVBFBmEWUOK0Px5Pi3q-57F8Iw12Qnndc3aJ3xFQbGxfdXBB0aNX7ey2nryigJJ5bMie9cdvlCr66sJWEruPb6ivQcc6-BooDBCFwl3hXtST28UlldXrOZOp-g\">Feuerwehr R\u00f6thlein<\/a><br>&#8211;\u00a0<a href=\"https:\/\/www.facebook.com\/FeuerwehrGochsheim\/?__tn__=K-R&amp;eid=ARBRE5cu7TpOD9FgUc7AY8pZ-_v1QcjhD4_hh4d4GHq0Sg1UPQXmtdZpy9CZqD6XUAzFMzPG3A9YJLUI&amp;fref=mentions&amp;__xts__%5B0%5D=68.ARB8IyTpqAWm9dmIY2P4pU9vS405G7C2SymsJcMWFvwjrnMj-VsIpcRmYMmNE_N8OvrQ2oE9QwmIQES4gUbHqEvyu8w4gIk2fR57wKwLp97fgo-TIqEH2vwz8wOtbGWiFz2DAiBbQNTSa18wSi2yPiAuE8hwjJKmiEi-MuV6R2TJ5rRe9dPeLcUU5kQQ5fylp71Te-PMb4An26FyrC0p5vPcBgC7NJx4QVBFBmEWUOK0Px5Pi3q-57F8Iw12Qnndc3aJ3xFQbGxfdXBB0aNX7ey2nryigJJ5bMie9cdvlCr66sJWEruPb6ivQcc6-BooDBCFwl3hXtST28UlldXrOZOp-g\">Feuerwehr Gochsheim<\/a><br>&#8211;\u00a0<a href=\"https:\/\/www.facebook.com\/Feuerwehr-Unterspiesheim-269835893029619\/?__tn__=K-R&amp;eid=ARCv4sz3Zt_aSFfjfsEMBnewrGrIbTrrqa_RhVsqPMegzOqxcvuExtuKNGymtBYa-GuoGAUETGPKKTty&amp;fref=mentions&amp;__xts__%5B0%5D=68.ARB8IyTpqAWm9dmIY2P4pU9vS405G7C2SymsJcMWFvwjrnMj-VsIpcRmYMmNE_N8OvrQ2oE9QwmIQES4gUbHqEvyu8w4gIk2fR57wKwLp97fgo-TIqEH2vwz8wOtbGWiFz2DAiBbQNTSa18wSi2yPiAuE8hwjJKmiEi-MuV6R2TJ5rRe9dPeLcUU5kQQ5fylp71Te-PMb4An26FyrC0p5vPcBgC7NJx4QVBFBmEWUOK0Px5Pi3q-57F8Iw12Qnndc3aJ3xFQbGxfdXBB0aNX7ey2nryigJJ5bMie9cdvlCr66sJWEruPb6ivQcc6-BooDBCFwl3hXtST28UlldXrOZOp-g\">Feuerwehr Unterspiesheim<\/a><br>&#8211;\u00a0<a href=\"https:\/\/www.facebook.com\/FWSW112\/?__tn__=K-R&amp;eid=ARDR2VxBLnNt-9nlfHSmbEyEao0q7lc127IcAiL0BbUn1yO0iqe84NID0P446lFwiqxwYB3t-TZWvln4&amp;fref=mentions&amp;__xts__%5B0%5D=68.ARB8IyTpqAWm9dmIY2P4pU9vS405G7C2SymsJcMWFvwjrnMj-VsIpcRmYMmNE_N8OvrQ2oE9QwmIQES4gUbHqEvyu8w4gIk2fR57wKwLp97fgo-TIqEH2vwz8wOtbGWiFz2DAiBbQNTSa18wSi2yPiAuE8hwjJKmiEi-MuV6R2TJ5rRe9dPeLcUU5kQQ5fylp71Te-PMb4An26FyrC0p5vPcBgC7NJx4QVBFBmEWUOK0Px5Pi3q-57F8Iw12Qnndc3aJ3xFQbGxfdXBB0aNX7ey2nryigJJ5bMie9cdvlCr66sJWEruPb6ivQcc6-BooDBCFwl3hXtST28UlldXrOZOp-g\">Freiwillige Feuerwehr der Stadt Schweinfurt mit st\u00e4ndiger Wache e.V.<\/a><br>&#8211; Atemschutzwerkstatt\u00a0<br>&#8211; Rettungsdienst\u00a0<br>&#8211; Polizei<\/p>\n\n\n\n<figure class=\"is-layout-flex wp-block-gallery-1 wp-block-gallery columns-2 is-cropped\"><ul class=\"blocks-gallery-grid\"><li class=\"blocks-gallery-item\"><figure><a href=\"http:\/\/www.ffwschwebheim.de\/?attachment_id=8567\"><img decoding=\"async\" loading=\"lazy\" width=\"960\" height=\"540\" src=\"http:\/\/www.ffwschwebheim.de\/wp-content\/uploads\/2020\/05\/91739370_2983866554967670_7903335828661731328_n.jpg\" alt=\"\" data-id=\"8567\" data-full-url=\"http:\/\/www.ffwschwebheim.de\/wp-content\/uploads\/2020\/05\/91739370_2983866554967670_7903335828661731328_n.jpg\" data-link=\"http:\/\/www.ffwschwebheim.de\/?attachment_id=8567\" class=\"wp-image-8567\" srcset=\"https:\/\/www.ffwschwebheim.de\/wp-content\/uploads\/2020\/05\/91739370_2983866554967670_7903335828661731328_n.jpg 960w, https:\/\/www.ffwschwebheim.de\/wp-content\/uploads\/2020\/05\/91739370_2983866554967670_7903335828661731328_n-300x169.jpg 300w, https:\/\/www.ffwschwebheim.de\/wp-content\/uploads\/2020\/05\/91739370_2983866554967670_7903335828661731328_n-768x432.jpg 768w, https:\/\/www.ffwschwebheim.de\/wp-content\/uploads\/2020\/05\/91739370_2983866554967670_7903335828661731328_n-500x281.jpg 500w\" sizes=\"(max-width: 960px) 100vw, 960px\" \/><\/a><\/figure><\/li><li class=\"blocks-gallery-item\"><figure><a href=\"http:\/\/www.ffwschwebheim.de\/?attachment_id=8568\"><img decoding=\"async\" loading=\"lazy\" width=\"540\" height=\"960\" src=\"http:\/\/www.ffwschwebheim.de\/wp-content\/uploads\/2020\/05\/91754955_2983866558301003_2321948513803436032_n.jpg\" alt=\"\" data-id=\"8568\" data-full-url=\"http:\/\/www.ffwschwebheim.de\/wp-content\/uploads\/2020\/05\/91754955_2983866558301003_2321948513803436032_n.jpg\" data-link=\"http:\/\/www.ffwschwebheim.de\/?attachment_id=8568\" class=\"wp-image-8568\" srcset=\"https:\/\/www.ffwschwebheim.de\/wp-content\/uploads\/2020\/05\/91754955_2983866558301003_2321948513803436032_n.jpg 540w, https:\/\/www.ffwschwebheim.de\/wp-content\/uploads\/2020\/05\/91754955_2983866558301003_2321948513803436032_n-169x300.jpg 169w\" sizes=\"(max-width: 540px) 100vw, 540px\" \/><\/a><\/figure><\/li><\/ul><\/figure>\n","protected":false},"excerpt":{"rendered":"<p>Am Samstag den 04.04.2020 wurden wir um 0:27 zu einem Wohnhausbrand alarmiert. Beim Eintreffen der Feuerwehr befanden sich noch Personen im Geb\u00e4ude. Unsere Aufgaben fokussierten sich zun\u00e4chst auf die Personenrettung und dann auf die Brandbek\u00e4mpfung. Aufgrund des Einsatzbildes wurden noch &hellip; <a href=\"https:\/\/www.ffwschwebheim.de\/?p=8566\">Weiterlesen <span class=\"meta-nav\">&rarr;<\/span><\/a><\/p>\n","protected":false},"author":4,"featured_media":0,"comment_status":"closed","ping_status":"open","sticky":false,"template":"","format":"standard","meta":[],"categories":[17,36],"tags":[],"_links":{"self":[{"href":"https:\/\/www.ffwschwebheim.de\/index.php?rest_route=\/wp\/v2\/posts\/8566"}],"collection":[{"href":"https:\/\/www.ffwschwebheim.de\/index.php?rest_route=\/wp\/v2\/posts"}],"about":[{"href":"https:\/\/www.ffwschwebheim.de\/index.php?rest_route=\/wp\/v2\/types\/post"}],"author":[{"embeddable":true,"href":"https:\/\/www.ffwschwebheim.de\/index.php?rest_route=\/wp\/v2\/users\/4"}],"replies":[{"embeddable":true,"href":"https:\/\/www.ffwschwebheim.de\/index.php?rest_route=%2Fwp%2Fv2%2Fcomments&post=8566"}],"version-history":[{"count":1,"href":"https:\/\/www.ffwschwebheim.de\/index.php?rest_route=\/wp\/v2\/posts\/8566\/revisions"}],"predecessor-version":[{"id":8569,"href":"https:\/\/www.ffwschwebheim.de\/index.php?rest_route=\/wp\/v2\/posts\/8566\/revisions\/8569"}],"wp:attachment":[{"href":"https:\/\/www.ffwschwebheim.de\/index.php?rest_route=%2Fwp%2Fv2%2Fmedia&parent=8566"}],"wp:term":[{"taxonomy":"category","embeddable":true,"href":"https:\/\/www.ffwschwebheim.de\/index.php?rest_route=%2Fwp%2Fv2%2Fcategories&post=8566"},{"taxonomy":"post_tag","embeddable":true,"href":"https:\/\/www.ffwschwebheim.de\/index.php?rest_route=%2Fwp%2Fv2%2Ftags&post=8566"}],"curies":[{"name":"wp","href":"https:\/\/api.w.org\/{rel}","templated":true}]}}