{"id":8537,"date":"2020-01-31T17:47:07","date_gmt":"2020-01-31T15:47:07","guid":{"rendered":"http:\/\/www.ffwschwebheim.de\/?p=8537"},"modified":"2020-03-09T17:52:39","modified_gmt":"2020-03-09T15:52:39","slug":"5-einsatz-brand-behinderteneinrichtung-am-freitag-31-01-2020-um-0959-uhr","status":"publish","type":"post","link":"https:\/\/www.ffwschwebheim.de\/?p=8537","title":{"rendered":"5. Einsatz: Brand Behinderteneinrichtung am Freitag, 31.01.2020 um 09:59 Uhr"},"content":{"rendered":"\n<p>Am Freitag den 31.01.2020 wurden wir um 10:10 Uhr nach Sennfeld in die Lebenshilfe nachalarmiert. Dort hat die Brandmeldeanlage ausgel\u00f6st. Nach der ersten Erkundung wurde eine Rauchentwicklung im Geb\u00e4ude festgestellt.\u00a0<br>Kurz nach dem Eintreffen wurden wir zu einem weiteren Einsatz alarmiert. Es kam an einer anderen Stelle im Sennfelder Hafen zu einer weiteren Rauchentwicklung. Dies stellte sich als Fehlalarm heraus. Somit konnten wir die Kameraden aus Sennfeld weiter an der Lebenshilfe\u00a0unterst\u00fctzen.\u00a0<br>Nach dem das Feuer gel\u00f6scht und das Geb\u00e4ude bel\u00fcftet war, brachten wir mit unserem Logistik Fahrzeug alle gebrauchten Atemschutzger\u00e4te in die Atemschutzwerkstatt. Nach knapp 3 Stunden konnten wir dann wieder ins Feuerwehrhaus einr\u00fccken.<\/p>\n\n\n\n<p><strong>Eingesetzte Kr\u00e4fte:<\/strong><\/p>\n\n\n\n<ul><li>Florian Schwebheim 40\/1<\/li><li>Florian Schwebheim 44\/1<\/li><li>Florian Schwebheim 56\/1<\/li><li> <a href=\"https:\/\/www.facebook.com\/FFWSennfeld\/?__tn__=K-R&amp;eid=ARAr2g-n2rPBtbYcEcFxJYV461c2C8iL6tQmULZagaKt--zqddTHqS6lxq4Mv0wyVojCy7t1HbB1VWd2&amp;fref=mentions&amp;__xts__%5B0%5D=68.ARAvIbtPvi9omYLv62LxN_B6sRPrHQKimaOl9UxodyVINyxTjL0FI2qBJQS09cWP7J08EFFnEj4CvcJ4iHr3dn44WOd08lOoxFkUS7MONb29_KS95DWfEcBVEm_jjP7cfJAZs0rs2fh5QDboB8SL7Q5sWZqlhvbJYBhtA-xBDPf5-_AGTimO1tovFj-I3CtPScLyd56VyJXExTZJ-p-y0iDefIOmmA2Ze8Bm3UOpRCvx2mDw24tNfAZeb7yF5q0f6ay3E9wxw6gTRe1KDWNFWRIMqOieGuIil4SUAqBpSsb1BOrddHyKmXU_TyhPwlyzN989fj_Sfr4lrFNBBCDcHE2KyiNIGDyeMGmr7yMPwC6jGE5zRBF07irbxxEz0IJU0OyL3enl5MV9fL3qF5sIxuO9jbVJPCO5_awT_B9Jj_wLJMeYTWDfmgaaIjAvR4vmeMbNPsXk89nbfENihadIuQ2rM7Qv400bcGiALQ1rQIIaLL5XYIjT5Zff\">Freiwillige Feuerwehr Sennfeld<\/a><\/li><li> <a href=\"https:\/\/www.facebook.com\/FeuerwehrGochsheim\/?__tn__=K-R&amp;eid=ARCVhwDBTv-6rsKsk4GaytKnWi_OEn40ZppJF9v8GBaLORXQWE9YbGK-hxKo7K8KRqsLgnyhJ9M-qkiv&amp;fref=mentions&amp;__xts__%5B0%5D=68.ARAvIbtPvi9omYLv62LxN_B6sRPrHQKimaOl9UxodyVINyxTjL0FI2qBJQS09cWP7J08EFFnEj4CvcJ4iHr3dn44WOd08lOoxFkUS7MONb29_KS95DWfEcBVEm_jjP7cfJAZs0rs2fh5QDboB8SL7Q5sWZqlhvbJYBhtA-xBDPf5-_AGTimO1tovFj-I3CtPScLyd56VyJXExTZJ-p-y0iDefIOmmA2Ze8Bm3UOpRCvx2mDw24tNfAZeb7yF5q0f6ay3E9wxw6gTRe1KDWNFWRIMqOieGuIil4SUAqBpSsb1BOrddHyKmXU_TyhPwlyzN989fj_Sfr4lrFNBBCDcHE2KyiNIGDyeMGmr7yMPwC6jGE5zRBF07irbxxEz0IJU0OyL3enl5MV9fL3qF5sIxuO9jbVJPCO5_awT_B9Jj_wLJMeYTWDfmgaaIjAvR4vmeMbNPsXk89nbfENihadIuQ2rM7Qv400bcGiALQ1rQIIaLL5XYIjT5Zff\">Feuerwehr Gochsheim<\/a><\/li><li> <a href=\"https:\/\/www.facebook.com\/FWSW112\/?__tn__=K-R&amp;eid=ARD78qAfBWF7D0IEDgeZSgDL7RLUjwSjeOQSEw0EaP3Y-XT6wYe4mrVaooYmFOdFunuTKdgsogWHQ8oc&amp;fref=mentions&amp;__xts__%5B0%5D=68.ARAvIbtPvi9omYLv62LxN_B6sRPrHQKimaOl9UxodyVINyxTjL0FI2qBJQS09cWP7J08EFFnEj4CvcJ4iHr3dn44WOd08lOoxFkUS7MONb29_KS95DWfEcBVEm_jjP7cfJAZs0rs2fh5QDboB8SL7Q5sWZqlhvbJYBhtA-xBDPf5-_AGTimO1tovFj-I3CtPScLyd56VyJXExTZJ-p-y0iDefIOmmA2Ze8Bm3UOpRCvx2mDw24tNfAZeb7yF5q0f6ay3E9wxw6gTRe1KDWNFWRIMqOieGuIil4SUAqBpSsb1BOrddHyKmXU_TyhPwlyzN989fj_Sfr4lrFNBBCDcHE2KyiNIGDyeMGmr7yMPwC6jGE5zRBF07irbxxEz0IJU0OyL3enl5MV9fL3qF5sIxuO9jbVJPCO5_awT_B9Jj_wLJMeYTWDfmgaaIjAvR4vmeMbNPsXk89nbfENihadIuQ2rM7Qv400bcGiALQ1rQIIaLL5XYIjT5Zff\">Freiwillige Feuerwehr der Stadt Schweinfurt mit st\u00e4ndiger Wache e.V.<\/a><\/li><li><a href=\"https:\/\/www.facebook.com\/FeuerwehrWerneck\/?__tn__=K-R&amp;eid=ARBFWLadgYK-A4uTalY5hVmThIoK9rvno598jfZtNv6SUJzzSjz0Np3GgZ43UGwQpAVEGCTtYMJoMPJx&amp;fref=mentions&amp;__xts__%5B0%5D=68.ARAvIbtPvi9omYLv62LxN_B6sRPrHQKimaOl9UxodyVINyxTjL0FI2qBJQS09cWP7J08EFFnEj4CvcJ4iHr3dn44WOd08lOoxFkUS7MONb29_KS95DWfEcBVEm_jjP7cfJAZs0rs2fh5QDboB8SL7Q5sWZqlhvbJYBhtA-xBDPf5-_AGTimO1tovFj-I3CtPScLyd56VyJXExTZJ-p-y0iDefIOmmA2Ze8Bm3UOpRCvx2mDw24tNfAZeb7yF5q0f6ay3E9wxw6gTRe1KDWNFWRIMqOieGuIil4SUAqBpSsb1BOrddHyKmXU_TyhPwlyzN989fj_Sfr4lrFNBBCDcHE2KyiNIGDyeMGmr7yMPwC6jGE5zRBF07irbxxEz0IJU0OyL3enl5MV9fL3qF5sIxuO9jbVJPCO5_awT_B9Jj_wLJMeYTWDfmgaaIjAvR4vmeMbNPsXk89nbfENihadIuQ2rM7Qv400bcGiALQ1rQIIaLL5XYIjT5Zff\">Feuerwehr Werneck<\/a><\/li><li><a href=\"https:\/\/www.facebook.com\/Feuerwehr.Geldersheim\/?__tn__=K-R&amp;eid=ARDM9UVCERer0pE0nHeBUs_eqqapO-qwDteXym1J34bPu7xYi1CEHhhdS5X05bV0Bpw_xCDzIT7NiNe7&amp;fref=mentions&amp;__xts__%5B0%5D=68.ARAvIbtPvi9omYLv62LxN_B6sRPrHQKimaOl9UxodyVINyxTjL0FI2qBJQS09cWP7J08EFFnEj4CvcJ4iHr3dn44WOd08lOoxFkUS7MONb29_KS95DWfEcBVEm_jjP7cfJAZs0rs2fh5QDboB8SL7Q5sWZqlhvbJYBhtA-xBDPf5-_AGTimO1tovFj-I3CtPScLyd56VyJXExTZJ-p-y0iDefIOmmA2Ze8Bm3UOpRCvx2mDw24tNfAZeb7yF5q0f6ay3E9wxw6gTRe1KDWNFWRIMqOieGuIil4SUAqBpSsb1BOrddHyKmXU_TyhPwlyzN989fj_Sfr4lrFNBBCDcHE2KyiNIGDyeMGmr7yMPwC6jGE5zRBF07irbxxEz0IJU0OyL3enl5MV9fL3qF5sIxuO9jbVJPCO5_awT_B9Jj_wLJMeYTWDfmgaaIjAvR4vmeMbNPsXk89nbfENihadIuQ2rM7Qv400bcGiALQ1rQIIaLL5XYIjT5Zff\">Feuerwehr Geldersheim<\/a><\/li><li><a href=\"https:\/\/www.facebook.com\/UGs.LandkreisSW\/?__tn__=K-R&amp;eid=ARAMYTOskFnIUq9XmGfUCv-fVeSZKUK3ACQpxbcDYin5MyBI-8KUsqnwHXjqY_p9epSsLn4OhCoUJNet&amp;fref=mentions&amp;__xts__%5B0%5D=68.ARAvIbtPvi9omYLv62LxN_B6sRPrHQKimaOl9UxodyVINyxTjL0FI2qBJQS09cWP7J08EFFnEj4CvcJ4iHr3dn44WOd08lOoxFkUS7MONb29_KS95DWfEcBVEm_jjP7cfJAZs0rs2fh5QDboB8SL7Q5sWZqlhvbJYBhtA-xBDPf5-_AGTimO1tovFj-I3CtPScLyd56VyJXExTZJ-p-y0iDefIOmmA2Ze8Bm3UOpRCvx2mDw24tNfAZeb7yF5q0f6ay3E9wxw6gTRe1KDWNFWRIMqOieGuIil4SUAqBpSsb1BOrddHyKmXU_TyhPwlyzN989fj_Sfr4lrFNBBCDcHE2KyiNIGDyeMGmr7yMPwC6jGE5zRBF07irbxxEz0IJU0OyL3enl5MV9fL3qF5sIxuO9jbVJPCO5_awT_B9Jj_wLJMeYTWDfmgaaIjAvR4vmeMbNPsXk89nbfENihadIuQ2rM7Qv400bcGiALQ1rQIIaLL5XYIjT5Zff\">Die UG&#8217;s im Landkreis Schweinfurt<\/a><\/li><li><a href=\"https:\/\/www.facebook.com\/thwschweinfurt\/?__tn__=K-R&amp;eid=ARBhivTCRa8mt8JGqgh1f6WEufUg75_ICh013wNmiKqbXGOqA6mlO4l5HVaKTM1AGc4dO2PJMBW4Si0H&amp;fref=mentions&amp;__xts__%5B0%5D=68.ARAvIbtPvi9omYLv62LxN_B6sRPrHQKimaOl9UxodyVINyxTjL0FI2qBJQS09cWP7J08EFFnEj4CvcJ4iHr3dn44WOd08lOoxFkUS7MONb29_KS95DWfEcBVEm_jjP7cfJAZs0rs2fh5QDboB8SL7Q5sWZqlhvbJYBhtA-xBDPf5-_AGTimO1tovFj-I3CtPScLyd56VyJXExTZJ-p-y0iDefIOmmA2Ze8Bm3UOpRCvx2mDw24tNfAZeb7yF5q0f6ay3E9wxw6gTRe1KDWNFWRIMqOieGuIil4SUAqBpSsb1BOrddHyKmXU_TyhPwlyzN989fj_Sfr4lrFNBBCDcHE2KyiNIGDyeMGmr7yMPwC6jGE5zRBF07irbxxEz0IJU0OyL3enl5MV9fL3qF5sIxuO9jbVJPCO5_awT_B9Jj_wLJMeYTWDfmgaaIjAvR4vmeMbNPsXk89nbfENihadIuQ2rM7Qv400bcGiALQ1rQIIaLL5XYIjT5Zff\">THW Ortsverband Schweinfurt<\/a><\/li><li>Atemschutzwerkstatt Landkreis Schweinfurt<\/li><li> Rettungsdienst <\/li><li>Polizei<\/li><\/ul>\n","protected":false},"excerpt":{"rendered":"<p>Am Freitag den 31.01.2020 wurden wir um 10:10 Uhr nach Sennfeld in die Lebenshilfe nachalarmiert. Dort hat die Brandmeldeanlage ausgel\u00f6st. Nach der ersten Erkundung wurde eine Rauchentwicklung im Geb\u00e4ude festgestellt.\u00a0Kurz nach dem Eintreffen wurden wir zu einem weiteren Einsatz alarmiert. &hellip; <a href=\"https:\/\/www.ffwschwebheim.de\/?p=8537\">Weiterlesen <span class=\"meta-nav\">&rarr;<\/span><\/a><\/p>\n","protected":false},"author":4,"featured_media":0,"comment_status":"closed","ping_status":"open","sticky":false,"template":"","format":"standard","meta":[],"categories":[17,36],"tags":[],"_links":{"self":[{"href":"https:\/\/www.ffwschwebheim.de\/index.php?rest_route=\/wp\/v2\/posts\/8537"}],"collection":[{"href":"https:\/\/www.ffwschwebheim.de\/index.php?rest_route=\/wp\/v2\/posts"}],"about":[{"href":"https:\/\/www.ffwschwebheim.de\/index.php?rest_route=\/wp\/v2\/types\/post"}],"author":[{"embeddable":true,"href":"https:\/\/www.ffwschwebheim.de\/index.php?rest_route=\/wp\/v2\/users\/4"}],"replies":[{"embeddable":true,"href":"https:\/\/www.ffwschwebheim.de\/index.php?rest_route=%2Fwp%2Fv2%2Fcomments&post=8537"}],"version-history":[{"count":1,"href":"https:\/\/www.ffwschwebheim.de\/index.php?rest_route=\/wp\/v2\/posts\/8537\/revisions"}],"predecessor-version":[{"id":8538,"href":"https:\/\/www.ffwschwebheim.de\/index.php?rest_route=\/wp\/v2\/posts\/8537\/revisions\/8538"}],"wp:attachment":[{"href":"https:\/\/www.ffwschwebheim.de\/index.php?rest_route=%2Fwp%2Fv2%2Fmedia&parent=8537"}],"wp:term":[{"taxonomy":"category","embeddable":true,"href":"https:\/\/www.ffwschwebheim.de\/index.php?rest_route=%2Fwp%2Fv2%2Fcategories&post=8537"},{"taxonomy":"post_tag","embeddable":true,"href":"https:\/\/www.ffwschwebheim.de\/index.php?rest_route=%2Fwp%2Fv2%2Ftags&post=8537"}],"curies":[{"name":"wp","href":"https:\/\/api.w.org\/{rel}","templated":true}]}}