{"id":7664,"date":"2018-09-21T20:00:33","date_gmt":"2018-09-21T18:00:33","guid":{"rendered":"http:\/\/www.ffwschwebheim.de\/?p=7664"},"modified":"2018-09-22T07:29:17","modified_gmt":"2018-09-22T05:29:17","slug":"spanferkelessen-am-freitag-21-09-2018","status":"publish","type":"post","link":"https:\/\/www.ffwschwebheim.de\/?p=7664","title":{"rendered":"Spanferkelessen am Freitag, 21.09.2018"},"content":{"rendered":"<p>Am Freitag den 21.09.2018 fand bei uns ein Spanferkelessen in der neuen Schlauchwaschanlage statt. Der FC Bayern Fanclub\u00a0<a href=\"https:\/\/www.facebook.com\/schwamerkracken01\/?fref=mentions&amp;__xts__%5B0%5D=68.ARAJnpYUKXJZi8ucDPdakvZxvgsXF0Y0txixRDdSHVQQKwNMaAGe6KOAs2Zo-dd0W3HEvVgcHW6yd-a2-BLAJ2b-WpEVNTDKBLFJJFpTAcITM-H2E3E6c7ZwAjv5_MAB_oDHQ2Hhh2LNUIuEkA1tyWPjdq-Wg3iX0ZvVP1-MarNwRbzOaIQhTA&amp;__tn__=K-R\" data-hovercard=\"\/ajax\/hovercard\/page.php?id=160073120839458&amp;extragetparams=%7B%22fref%22%3A%22mentions%22%7D\" data-hovercard-prefer-more-content-show=\"1\">Schwamer Kracken 01 FC Bayern Fanclub<\/a>\u00a0hat uns, in einer unseren F\u00fchrungssitzungen im Juni \u00fcberrascht und uns als dank f\u00fcr die vielen geleisteten Unwettereins\u00e4tzen ein Spanferkelessen ausgegeben. Als es dann gestern soweit war, bedankte sich unser Vorstand Martin Mai\u00df noch einmal bei der Vorstandschaft des FC Bayern Fanclubs. Daraufhin \u00fcberreichte uns der Vorstand Harald Bayer noch eine Spende \u00fcber 100\u20ac f\u00fcr unsere Getr\u00e4nkekasse.<\/p>\n<p>Noch mal ein recht Herzlichen Dank an\u00a0<a href=\"https:\/\/www.facebook.com\/schwamerkracken01\/?fref=mentions&amp;__xts__%5B0%5D=68.ARAJnpYUKXJZi8ucDPdakvZxvgsXF0Y0txixRDdSHVQQKwNMaAGe6KOAs2Zo-dd0W3HEvVgcHW6yd-a2-BLAJ2b-WpEVNTDKBLFJJFpTAcITM-H2E3E6c7ZwAjv5_MAB_oDHQ2Hhh2LNUIuEkA1tyWPjdq-Wg3iX0ZvVP1-MarNwRbzOaIQhTA&amp;__tn__=K-R\" data-hovercard=\"\/ajax\/hovercard\/page.php?id=160073120839458&amp;extragetparams=%7B%22fref%22%3A%22mentions%22%7D\" data-hovercard-prefer-more-content-show=\"1\">Schwamer Kracken 01 FC Bayern Fanclub<\/a>\u00a0f\u00fcr die Spende.<\/p>\n\n\t\t<style type=\"text\/css\">\n\t\t\t#gallery-1 {\n\t\t\t\tmargin: auto;\n\t\t\t}\n\t\t\t#gallery-1 .gallery-item {\n\t\t\t\tfloat: left;\n\t\t\t\tmargin-top: 10px;\n\t\t\t\ttext-align: center;\n\t\t\t\twidth: 25%;\n\t\t\t}\n\t\t\t#gallery-1 img {\n\t\t\t\tborder: 2px solid #cfcfcf;\n\t\t\t}\n\t\t\t#gallery-1 .gallery-caption {\n\t\t\t\tmargin-left: 0;\n\t\t\t}\n\t\t\t\/* see gallery_shortcode() in wp-includes\/media.php *\/\n\t\t<\/style>\n\t\t<div id='gallery-1' class='gallery galleryid-7664 gallery-columns-4 gallery-size-thumbnail'><dl class='gallery-item'>\n\t\t\t<dt class='gallery-icon landscape'>\n\t\t\t\t<a href='https:\/\/www.ffwschwebheim.de\/?attachment_id=7665'><img width=\"150\" height=\"150\" src=\"https:\/\/www.ffwschwebheim.de\/wp-content\/uploads\/2018\/09\/IMG_5212-150x150.jpg\" class=\"attachment-thumbnail size-thumbnail\" alt=\"\" decoding=\"async\" loading=\"lazy\" \/><\/a>\n\t\t\t<\/dt><\/dl><dl class='gallery-item'>\n\t\t\t<dt class='gallery-icon landscape'>\n\t\t\t\t<a href='https:\/\/www.ffwschwebheim.de\/?attachment_id=7668'><img width=\"150\" height=\"150\" src=\"https:\/\/www.ffwschwebheim.de\/wp-content\/uploads\/2018\/09\/IMG_5217-150x150.jpg\" class=\"attachment-thumbnail size-thumbnail\" alt=\"\" decoding=\"async\" loading=\"lazy\" \/><\/a>\n\t\t\t<\/dt><\/dl><dl class='gallery-item'>\n\t\t\t<dt class='gallery-icon landscape'>\n\t\t\t\t<a href='https:\/\/www.ffwschwebheim.de\/?attachment_id=7666'><img width=\"150\" height=\"150\" src=\"https:\/\/www.ffwschwebheim.de\/wp-content\/uploads\/2018\/09\/IMG_5218-150x150.jpg\" class=\"attachment-thumbnail size-thumbnail\" alt=\"\" decoding=\"async\" loading=\"lazy\" \/><\/a>\n\t\t\t<\/dt><\/dl><dl class='gallery-item'>\n\t\t\t<dt class='gallery-icon landscape'>\n\t\t\t\t<a href='https:\/\/www.ffwschwebheim.de\/?attachment_id=7667'><img width=\"150\" height=\"150\" src=\"https:\/\/www.ffwschwebheim.de\/wp-content\/uploads\/2018\/09\/IMG_5220-150x150.jpg\" class=\"attachment-thumbnail size-thumbnail\" alt=\"\" decoding=\"async\" loading=\"lazy\" \/><\/a>\n\t\t\t<\/dt><\/dl><br style=\"clear: both\" \/>\n\t\t<\/div>\n\n","protected":false},"excerpt":{"rendered":"<p>Am Freitag den 21.09.2018 fand bei uns ein Spanferkelessen in der neuen Schlauchwaschanlage statt. Der FC Bayern Fanclub\u00a0Schwamer Kracken 01 FC Bayern Fanclub\u00a0hat uns, in einer unseren F\u00fchrungssitzungen im Juni \u00fcberrascht und uns als dank f\u00fcr die vielen geleisteten Unwettereins\u00e4tzen &hellip; <a href=\"https:\/\/www.ffwschwebheim.de\/?p=7664\">Weiterlesen <span class=\"meta-nav\">&rarr;<\/span><\/a><\/p>\n","protected":false},"author":4,"featured_media":0,"comment_status":"closed","ping_status":"open","sticky":false,"template":"","format":"standard","meta":[],"categories":[33,21],"tags":[],"_links":{"self":[{"href":"https:\/\/www.ffwschwebheim.de\/index.php?rest_route=\/wp\/v2\/posts\/7664"}],"collection":[{"href":"https:\/\/www.ffwschwebheim.de\/index.php?rest_route=\/wp\/v2\/posts"}],"about":[{"href":"https:\/\/www.ffwschwebheim.de\/index.php?rest_route=\/wp\/v2\/types\/post"}],"author":[{"embeddable":true,"href":"https:\/\/www.ffwschwebheim.de\/index.php?rest_route=\/wp\/v2\/users\/4"}],"replies":[{"embeddable":true,"href":"https:\/\/www.ffwschwebheim.de\/index.php?rest_route=%2Fwp%2Fv2%2Fcomments&post=7664"}],"version-history":[{"count":3,"href":"https:\/\/www.ffwschwebheim.de\/index.php?rest_route=\/wp\/v2\/posts\/7664\/revisions"}],"predecessor-version":[{"id":7671,"href":"https:\/\/www.ffwschwebheim.de\/index.php?rest_route=\/wp\/v2\/posts\/7664\/revisions\/7671"}],"wp:attachment":[{"href":"https:\/\/www.ffwschwebheim.de\/index.php?rest_route=%2Fwp%2Fv2%2Fmedia&parent=7664"}],"wp:term":[{"taxonomy":"category","embeddable":true,"href":"https:\/\/www.ffwschwebheim.de\/index.php?rest_route=%2Fwp%2Fv2%2Fcategories&post=7664"},{"taxonomy":"post_tag","embeddable":true,"href":"https:\/\/www.ffwschwebheim.de\/index.php?rest_route=%2Fwp%2Fv2%2Ftags&post=7664"}],"curies":[{"name":"wp","href":"https:\/\/api.w.org\/{rel}","templated":true}]}}