{"id":7602,"date":"2018-08-07T15:26:02","date_gmt":"2018-08-07T13:26:02","guid":{"rendered":"http:\/\/www.ffwschwebheim.de\/?p=7602"},"modified":"2018-08-12T15:29:00","modified_gmt":"2018-08-12T13:29:00","slug":"ferienspas-am-dienstag-07-08-2018","status":"publish","type":"post","link":"https:\/\/www.ffwschwebheim.de\/?p=7602","title":{"rendered":"Ferienspa\u00df am Dienstag, 07.08.2018"},"content":{"rendered":"<p><strong>Gutes Wetter<\/strong><\/p>\n<p>Der diesj\u00e4hrige Ferienspa\u00df fand erneut bei bestem Wetter statt. Nachdem gegen 16:00 Uhr die Ferienspa\u00dfkinder eingetroffen waren, wurden sie nach einer kurzen Begr\u00fc\u00dfung sogleich auf drei Stationen aufgeteilt.<\/p>\n<p>An der ersten Station konnten die Kinder mit einem D-Strahlrohr auf eine Brandwand spritzen, die ein brennendes Haus darstellt. Werden die Flammen getroffen, klappen diese nach hinten weg, das &#8222;Feuer&#8220; ist gel\u00f6scht. An der zweiten Station war Schnelligkeit gefragt. Hier mussten die Kinder zu einem Pylonen laufen, diesen f\u00fcnfmal umrunden und zur Startlinie zur\u00fcck laufen. F\u00fcr die schnellsten Kinder gab es hier einige Packungen mit Gummib\u00e4rchen. An der dritten Station konnten die Kinder ihre Geschicklichkeit bei dem Backerbsen-Spiel unter Beweis stellen.<\/p>\n<p>Am Ende trafen sich die 22 Ferienspa\u00dfkinder wieder am Feuerwehrhaus und st\u00e4rken sich mit Getr\u00e4nken und Bratw\u00fcrsten, bevor sie den Heimweg antraten.<\/p>\n<p>&nbsp;<\/p>\n\n\t\t<style type=\"text\/css\">\n\t\t\t#gallery-1 {\n\t\t\t\tmargin: auto;\n\t\t\t}\n\t\t\t#gallery-1 .gallery-item {\n\t\t\t\tfloat: left;\n\t\t\t\tmargin-top: 10px;\n\t\t\t\ttext-align: center;\n\t\t\t\twidth: 33%;\n\t\t\t}\n\t\t\t#gallery-1 img {\n\t\t\t\tborder: 2px solid #cfcfcf;\n\t\t\t}\n\t\t\t#gallery-1 .gallery-caption {\n\t\t\t\tmargin-left: 0;\n\t\t\t}\n\t\t\t\/* see gallery_shortcode() in wp-includes\/media.php *\/\n\t\t<\/style>\n\t\t<div id='gallery-1' class='gallery galleryid-7602 gallery-columns-3 gallery-size-thumbnail'><dl class='gallery-item'>\n\t\t\t<dt class='gallery-icon landscape'>\n\t\t\t\t<a href='https:\/\/www.ffwschwebheim.de\/?attachment_id=7603'><img width=\"150\" height=\"150\" src=\"https:\/\/www.ffwschwebheim.de\/wp-content\/uploads\/2018\/08\/IMG_20180807_161344-150x150.jpg\" class=\"attachment-thumbnail size-thumbnail\" alt=\"\" decoding=\"async\" loading=\"lazy\" \/><\/a>\n\t\t\t<\/dt><\/dl><dl class='gallery-item'>\n\t\t\t<dt class='gallery-icon landscape'>\n\t\t\t\t<a href='https:\/\/www.ffwschwebheim.de\/?attachment_id=7604'><img width=\"150\" height=\"150\" src=\"https:\/\/www.ffwschwebheim.de\/wp-content\/uploads\/2018\/08\/IMG_20180807_162209-150x150.jpg\" class=\"attachment-thumbnail size-thumbnail\" alt=\"\" decoding=\"async\" loading=\"lazy\" \/><\/a>\n\t\t\t<\/dt><\/dl><dl class='gallery-item'>\n\t\t\t<dt class='gallery-icon landscape'>\n\t\t\t\t<a href='https:\/\/www.ffwschwebheim.de\/?attachment_id=7605'><img width=\"150\" height=\"150\" src=\"https:\/\/www.ffwschwebheim.de\/wp-content\/uploads\/2018\/08\/IMG_20180807_162241-150x150.jpg\" class=\"attachment-thumbnail size-thumbnail\" alt=\"\" decoding=\"async\" loading=\"lazy\" \/><\/a>\n\t\t\t<\/dt><\/dl><br style=\"clear: both\" \/><dl class='gallery-item'>\n\t\t\t<dt class='gallery-icon landscape'>\n\t\t\t\t<a href='https:\/\/www.ffwschwebheim.de\/?attachment_id=7606'><img width=\"150\" height=\"150\" src=\"https:\/\/www.ffwschwebheim.de\/wp-content\/uploads\/2018\/08\/IMG_20180807_162359-150x150.jpg\" class=\"attachment-thumbnail size-thumbnail\" alt=\"\" decoding=\"async\" loading=\"lazy\" \/><\/a>\n\t\t\t<\/dt><\/dl><dl class='gallery-item'>\n\t\t\t<dt class='gallery-icon landscape'>\n\t\t\t\t<a href='https:\/\/www.ffwschwebheim.de\/?attachment_id=7607'><img width=\"150\" height=\"150\" src=\"https:\/\/www.ffwschwebheim.de\/wp-content\/uploads\/2018\/08\/IMG_20180807_162549-150x150.jpg\" class=\"attachment-thumbnail size-thumbnail\" alt=\"\" decoding=\"async\" loading=\"lazy\" \/><\/a>\n\t\t\t<\/dt><\/dl><dl class='gallery-item'>\n\t\t\t<dt class='gallery-icon landscape'>\n\t\t\t\t<a href='https:\/\/www.ffwschwebheim.de\/?attachment_id=7608'><img width=\"150\" height=\"150\" src=\"https:\/\/www.ffwschwebheim.de\/wp-content\/uploads\/2018\/08\/IMG_20180807_162553-150x150.jpg\" class=\"attachment-thumbnail size-thumbnail\" alt=\"\" decoding=\"async\" loading=\"lazy\" \/><\/a>\n\t\t\t<\/dt><\/dl><br style=\"clear: both\" \/>\n\t\t<\/div>\n\n","protected":false},"excerpt":{"rendered":"<p>Gutes Wetter Der diesj\u00e4hrige Ferienspa\u00df fand erneut bei bestem Wetter statt. Nachdem gegen 16:00 Uhr die Ferienspa\u00dfkinder eingetroffen waren, wurden sie nach einer kurzen Begr\u00fc\u00dfung sogleich auf drei Stationen aufgeteilt. An der ersten Station konnten die Kinder mit einem D-Strahlrohr &hellip; <a href=\"https:\/\/www.ffwschwebheim.de\/?p=7602\">Weiterlesen <span class=\"meta-nav\">&rarr;<\/span><\/a><\/p>\n","protected":false},"author":3,"featured_media":0,"comment_status":"closed","ping_status":"open","sticky":false,"template":"","format":"standard","meta":[],"categories":[33,21],"tags":[],"_links":{"self":[{"href":"https:\/\/www.ffwschwebheim.de\/index.php?rest_route=\/wp\/v2\/posts\/7602"}],"collection":[{"href":"https:\/\/www.ffwschwebheim.de\/index.php?rest_route=\/wp\/v2\/posts"}],"about":[{"href":"https:\/\/www.ffwschwebheim.de\/index.php?rest_route=\/wp\/v2\/types\/post"}],"author":[{"embeddable":true,"href":"https:\/\/www.ffwschwebheim.de\/index.php?rest_route=\/wp\/v2\/users\/3"}],"replies":[{"embeddable":true,"href":"https:\/\/www.ffwschwebheim.de\/index.php?rest_route=%2Fwp%2Fv2%2Fcomments&post=7602"}],"version-history":[{"count":3,"href":"https:\/\/www.ffwschwebheim.de\/index.php?rest_route=\/wp\/v2\/posts\/7602\/revisions"}],"predecessor-version":[{"id":7611,"href":"https:\/\/www.ffwschwebheim.de\/index.php?rest_route=\/wp\/v2\/posts\/7602\/revisions\/7611"}],"wp:attachment":[{"href":"https:\/\/www.ffwschwebheim.de\/index.php?rest_route=%2Fwp%2Fv2%2Fmedia&parent=7602"}],"wp:term":[{"taxonomy":"category","embeddable":true,"href":"https:\/\/www.ffwschwebheim.de\/index.php?rest_route=%2Fwp%2Fv2%2Fcategories&post=7602"},{"taxonomy":"post_tag","embeddable":true,"href":"https:\/\/www.ffwschwebheim.de\/index.php?rest_route=%2Fwp%2Fv2%2Ftags&post=7602"}],"curies":[{"name":"wp","href":"https:\/\/api.w.org\/{rel}","templated":true}]}}