{"id":7562,"date":"2018-07-21T18:16:55","date_gmt":"2018-07-21T16:16:55","guid":{"rendered":"http:\/\/www.ffwschwebheim.de\/?p=7562"},"modified":"2018-08-12T21:40:20","modified_gmt":"2018-08-12T19:40:20","slug":"berufsfeuerwehrtag-am-samstag-21-07-2018","status":"publish","type":"post","link":"https:\/\/www.ffwschwebheim.de\/?p=7562","title":{"rendered":"Berufsfeuerwehrtag am Samstag, 21.07.2018"},"content":{"rendered":"<p><strong>Berufsfeuerwehrtag f\u00fcr den Nachwuchs: Ein Tag wie die Profis<\/strong><\/p>\n<p>Jugendfeuerwehren des Mainbogens schlupften f\u00fcr 24 Stunden in die Rolle der Berufsfeuerwehr<\/p>\n<p>Am 21. Juli war es wieder soweit und ein Highlight der Jugendfeuerwehren Grafenrheinfeld, Grettstadt, R\u00f6thlein und Schwebheim \u2013 der j\u00e4hrliche Berufsfeuerwehrtag \u2013 fand wieder statt.<br \/>\nAn diesem Tag bekamen \u00fcber 30 Feuerwehranw\u00e4rter die M\u00f6glichkeit f\u00fcr 24 Stunden in die Rolle eines Berufsfeuerwehrmannes bzw. einer Berufsfeuerwehrfrau zu schl\u00fcpfen und den Alltag der \u201eFeuerwehrprofis\u201c kennen zu lernen.<br \/>\nBei Dienstantritt galt es die Jugendlichen auf die drei in Schwebheim und die zwei in Grafenrheinfeld stationierten Einsatzfahrzeuge zu verteilen um sich mit den Fahrzeugen vertraut zu machen bevor schon der erste Alarm schrillte. Die Einsatzszenarien der Jugendlichen erstreckten sich den ganzen Tag von Verkehrsunf\u00e4llen mit oder ohne Personensch\u00e4den, \u00d6lspuren, Unwettersch\u00e4den, Personensuche oder aber auch ein Geb\u00e4udebrand bis zu einem Gefahrgutunfall.<br \/>\nSelbst ein verregneter Tag konnte den Jugendlichen nichts anhaben und hat diese keineswegs darin gebremst Feuer und Flamme f\u00fcr Ihr Hobby zu sein.<br \/>\nEin Dank ergeht an alle Betreuer, sonstige Unterst\u00fctzer und Helfer des Berufsfeuerwehrtages, denn ohne diese Unterst\u00fctzung sowie durch die der aktiven Wehr, ist ein solches Ereignis f\u00fcr die Jugendfeuerwehren nicht machbar.<\/p>\n<p>Text: Maria D\u00fcrr<br \/>\nFotos: Mario Bayer<\/p>\n<p>&nbsp;<\/p>\n\n\t\t<style type=\"text\/css\">\n\t\t\t#gallery-1 {\n\t\t\t\tmargin: auto;\n\t\t\t}\n\t\t\t#gallery-1 .gallery-item {\n\t\t\t\tfloat: left;\n\t\t\t\tmargin-top: 10px;\n\t\t\t\ttext-align: center;\n\t\t\t\twidth: 33%;\n\t\t\t}\n\t\t\t#gallery-1 img {\n\t\t\t\tborder: 2px solid #cfcfcf;\n\t\t\t}\n\t\t\t#gallery-1 .gallery-caption {\n\t\t\t\tmargin-left: 0;\n\t\t\t}\n\t\t\t\/* see gallery_shortcode() in wp-includes\/media.php *\/\n\t\t<\/style>\n\t\t<div id='gallery-1' class='gallery galleryid-7562 gallery-columns-3 gallery-size-thumbnail'><dl class='gallery-item'>\n\t\t\t<dt class='gallery-icon landscape'>\n\t\t\t\t<a href='https:\/\/www.ffwschwebheim.de\/?attachment_id=7598'><img width=\"150\" height=\"150\" src=\"https:\/\/www.ffwschwebheim.de\/wp-content\/uploads\/2018\/07\/Brandbek\u00e4mpfung-eines-Feuers-150x150.jpg\" class=\"attachment-thumbnail size-thumbnail\" alt=\"\" decoding=\"async\" loading=\"lazy\" \/><\/a>\n\t\t\t<\/dt><\/dl><dl class='gallery-item'>\n\t\t\t<dt class='gallery-icon landscape'>\n\t\t\t\t<a href='https:\/\/www.ffwschwebheim.de\/?attachment_id=7599'><img width=\"150\" height=\"150\" src=\"https:\/\/www.ffwschwebheim.de\/wp-content\/uploads\/2018\/07\/\u00dcbersicht-einer-Einsatzstelle-aus-der-Vogelperspektive-150x150.jpg\" class=\"attachment-thumbnail size-thumbnail\" alt=\"\" decoding=\"async\" loading=\"lazy\" \/><\/a>\n\t\t\t<\/dt><\/dl>\n\t\t\t<br style='clear: both' \/>\n\t\t<\/div>\n\n","protected":false},"excerpt":{"rendered":"<p>Berufsfeuerwehrtag f\u00fcr den Nachwuchs: Ein Tag wie die Profis Jugendfeuerwehren des Mainbogens schlupften f\u00fcr 24 Stunden in die Rolle der Berufsfeuerwehr Am 21. Juli war es wieder soweit und ein Highlight der Jugendfeuerwehren Grafenrheinfeld, Grettstadt, R\u00f6thlein und Schwebheim \u2013 der &hellip; <a href=\"https:\/\/www.ffwschwebheim.de\/?p=7562\">Weiterlesen <span class=\"meta-nav\">&rarr;<\/span><\/a><\/p>\n","protected":false},"author":4,"featured_media":0,"comment_status":"closed","ping_status":"open","sticky":false,"template":"","format":"standard","meta":[],"categories":[33,21],"tags":[],"_links":{"self":[{"href":"https:\/\/www.ffwschwebheim.de\/index.php?rest_route=\/wp\/v2\/posts\/7562"}],"collection":[{"href":"https:\/\/www.ffwschwebheim.de\/index.php?rest_route=\/wp\/v2\/posts"}],"about":[{"href":"https:\/\/www.ffwschwebheim.de\/index.php?rest_route=\/wp\/v2\/types\/post"}],"author":[{"embeddable":true,"href":"https:\/\/www.ffwschwebheim.de\/index.php?rest_route=\/wp\/v2\/users\/4"}],"replies":[{"embeddable":true,"href":"https:\/\/www.ffwschwebheim.de\/index.php?rest_route=%2Fwp%2Fv2%2Fcomments&post=7562"}],"version-history":[{"count":5,"href":"https:\/\/www.ffwschwebheim.de\/index.php?rest_route=\/wp\/v2\/posts\/7562\/revisions"}],"predecessor-version":[{"id":7564,"href":"https:\/\/www.ffwschwebheim.de\/index.php?rest_route=\/wp\/v2\/posts\/7562\/revisions\/7564"}],"wp:attachment":[{"href":"https:\/\/www.ffwschwebheim.de\/index.php?rest_route=%2Fwp%2Fv2%2Fmedia&parent=7562"}],"wp:term":[{"taxonomy":"category","embeddable":true,"href":"https:\/\/www.ffwschwebheim.de\/index.php?rest_route=%2Fwp%2Fv2%2Fcategories&post=7562"},{"taxonomy":"post_tag","embeddable":true,"href":"https:\/\/www.ffwschwebheim.de\/index.php?rest_route=%2Fwp%2Fv2%2Ftags&post=7562"}],"curies":[{"name":"wp","href":"https:\/\/api.w.org\/{rel}","templated":true}]}}