{"id":5900,"date":"2016-11-03T17:57:50","date_gmt":"2016-11-03T15:57:50","guid":{"rendered":"http:\/\/www.ffwschwebheim.de\/?p=5900"},"modified":"2016-11-08T18:24:23","modified_gmt":"2016-11-08T16:24:23","slug":"32-einsatz-dachstuhlbrand-aschenhof-am-03-11-2016-um-1332-uhr","status":"publish","type":"post","link":"https:\/\/www.ffwschwebheim.de\/?p=5900","title":{"rendered":"32. Einsatz   Dachstuhlbrand Aschenhof am 03.11.2016 um 13:32 Uhr"},"content":{"rendered":"<ul>\n<li><strong><strong>\n\t\t<style type=\"text\/css\">\n\t\t\t#gallery-1 {\n\t\t\t\tmargin: auto;\n\t\t\t}\n\t\t\t#gallery-1 .gallery-item {\n\t\t\t\tfloat: left;\n\t\t\t\tmargin-top: 10px;\n\t\t\t\ttext-align: center;\n\t\t\t\twidth: 25%;\n\t\t\t}\n\t\t\t#gallery-1 img {\n\t\t\t\tborder: 2px solid #cfcfcf;\n\t\t\t}\n\t\t\t#gallery-1 .gallery-caption {\n\t\t\t\tmargin-left: 0;\n\t\t\t}\n\t\t\t\/* see gallery_shortcode() in wp-includes\/media.php *\/\n\t\t<\/style>\n\t\t<div id='gallery-1' class='gallery galleryid-5900 gallery-columns-4 gallery-size-thumbnail'><dl class='gallery-item'>\n\t\t\t<dt class='gallery-icon landscape'>\n\t\t\t\t<a href='https:\/\/www.ffwschwebheim.de\/wp-content\/uploads\/2016\/11\/20161103_135935.jpg'><img width=\"150\" height=\"150\" src=\"https:\/\/www.ffwschwebheim.de\/wp-content\/uploads\/2016\/11\/20161103_135935-150x150.jpg\" class=\"attachment-thumbnail size-thumbnail\" alt=\"\" decoding=\"async\" loading=\"lazy\" \/><\/a>\n\t\t\t<\/dt><\/dl><dl class='gallery-item'>\n\t\t\t<dt class='gallery-icon landscape'>\n\t\t\t\t<a href='https:\/\/www.ffwschwebheim.de\/wp-content\/uploads\/2016\/11\/20161103_135943.jpg'><img width=\"150\" height=\"150\" src=\"https:\/\/www.ffwschwebheim.de\/wp-content\/uploads\/2016\/11\/20161103_135943-150x150.jpg\" class=\"attachment-thumbnail size-thumbnail\" alt=\"\" decoding=\"async\" loading=\"lazy\" \/><\/a>\n\t\t\t<\/dt><\/dl><dl class='gallery-item'>\n\t\t\t<dt class='gallery-icon landscape'>\n\t\t\t\t<a href='https:\/\/www.ffwschwebheim.de\/wp-content\/uploads\/2016\/11\/20161103_135950.jpg'><img width=\"150\" height=\"150\" src=\"https:\/\/www.ffwschwebheim.de\/wp-content\/uploads\/2016\/11\/20161103_135950-150x150.jpg\" class=\"attachment-thumbnail size-thumbnail\" alt=\"\" decoding=\"async\" loading=\"lazy\" \/><\/a>\n\t\t\t<\/dt><\/dl><dl class='gallery-item'>\n\t\t\t<dt class='gallery-icon landscape'>\n\t\t\t\t<a href='https:\/\/www.ffwschwebheim.de\/wp-content\/uploads\/2016\/11\/20161103_142054.jpg'><img width=\"150\" height=\"150\" src=\"https:\/\/www.ffwschwebheim.de\/wp-content\/uploads\/2016\/11\/20161103_142054-150x150.jpg\" class=\"attachment-thumbnail size-thumbnail\" alt=\"\" decoding=\"async\" loading=\"lazy\" \/><\/a>\n\t\t\t<\/dt><\/dl><br style=\"clear: both\" \/><dl class='gallery-item'>\n\t\t\t<dt class='gallery-icon portrait'>\n\t\t\t\t<a href='https:\/\/www.ffwschwebheim.de\/wp-content\/uploads\/2016\/11\/20161103_143732.jpg'><img width=\"150\" height=\"150\" src=\"https:\/\/www.ffwschwebheim.de\/wp-content\/uploads\/2016\/11\/20161103_143732-150x150.jpg\" class=\"attachment-thumbnail size-thumbnail\" alt=\"\" decoding=\"async\" loading=\"lazy\" \/><\/a>\n\t\t\t<\/dt><\/dl>\n\t\t\t<br style='clear: both' \/>\n\t\t<\/div>\n\n<p><\/strong><\/strong><\/li>\n<li>Am Donnerstag wurden wir am Nachmittag zu einem Dachstuhlbrand am Aschenhof gerufen. Beim Eintreffen sahen wir Rauch aus dem Dach steigen.Durch rasches Eingreifen unseres Atemschutztrupps ist es zu verdanken,da\u00df nur ein geringer Sachschaden entstanden ist. Mit einem Feuerl\u00f6scher wurde das Brandgut, bestehend aus einer Europalette und mehreren Paketen abgepackter Teufelskralle abgel\u00f6scht und ins Freie bef\u00f6rdert.<\/li>\n<li><strong><strong>Eingesetzte Fahrzeuge der FFW Schwebheim :<\/strong><\/strong>\n<ul>\n<li>Schwebheim 56\/1<\/li>\n<li>Schwebheim 40\/1\n<ul>\n<ul>\n<li><strong>Weitere eingesetzten Rettungskr\u00e4fte<br \/>\n<\/strong><\/li>\n<li>FF R\u00f6thlein 40\/1<\/li>\n<li>FF R\u00f6thlein 11\/1<\/li>\n<li>FF R\u00f6thlein 48\/1<\/li>\n<li>FF Gochsheim 40\/1<\/li>\n<li>FF Gochsheim 31\/1<\/li>\n<li>Schweinfurt-Land 1<\/li>\n<li>Schweinfurt Land 4\/3<\/li>\n<li>Schweinfurt Land 4\/4<\/li>\n<\/ul>\n<\/ul>\n<\/li>\n<\/ul>\n<\/li>\n<\/ul>\n","protected":false},"excerpt":{"rendered":"<p>Am Donnerstag wurden wir am Nachmittag zu einem Dachstuhlbrand am Aschenhof gerufen. Beim Eintreffen sahen wir Rauch aus dem Dach steigen.Durch rasches Eingreifen unseres Atemschutztrupps ist es zu verdanken,da\u00df nur ein geringer Sachschaden entstanden ist. Mit einem Feuerl\u00f6scher wurde das &hellip; <a href=\"https:\/\/www.ffwschwebheim.de\/?p=5900\">Weiterlesen <span class=\"meta-nav\">&rarr;<\/span><\/a><\/p>\n","protected":false},"author":2,"featured_media":0,"comment_status":"closed","ping_status":"open","sticky":false,"template":"","format":"standard","meta":[],"categories":[17,28,1],"tags":[],"_links":{"self":[{"href":"https:\/\/www.ffwschwebheim.de\/index.php?rest_route=\/wp\/v2\/posts\/5900"}],"collection":[{"href":"https:\/\/www.ffwschwebheim.de\/index.php?rest_route=\/wp\/v2\/posts"}],"about":[{"href":"https:\/\/www.ffwschwebheim.de\/index.php?rest_route=\/wp\/v2\/types\/post"}],"author":[{"embeddable":true,"href":"https:\/\/www.ffwschwebheim.de\/index.php?rest_route=\/wp\/v2\/users\/2"}],"replies":[{"embeddable":true,"href":"https:\/\/www.ffwschwebheim.de\/index.php?rest_route=%2Fwp%2Fv2%2Fcomments&post=5900"}],"version-history":[{"count":3,"href":"https:\/\/www.ffwschwebheim.de\/index.php?rest_route=\/wp\/v2\/posts\/5900\/revisions"}],"predecessor-version":[{"id":5909,"href":"https:\/\/www.ffwschwebheim.de\/index.php?rest_route=\/wp\/v2\/posts\/5900\/revisions\/5909"}],"wp:attachment":[{"href":"https:\/\/www.ffwschwebheim.de\/index.php?rest_route=%2Fwp%2Fv2%2Fmedia&parent=5900"}],"wp:term":[{"taxonomy":"category","embeddable":true,"href":"https:\/\/www.ffwschwebheim.de\/index.php?rest_route=%2Fwp%2Fv2%2Fcategories&post=5900"},{"taxonomy":"post_tag","embeddable":true,"href":"https:\/\/www.ffwschwebheim.de\/index.php?rest_route=%2Fwp%2Fv2%2Ftags&post=5900"}],"curies":[{"name":"wp","href":"https:\/\/api.w.org\/{rel}","templated":true}]}}