{"id":5778,"date":"2016-10-07T21:05:31","date_gmt":"2016-10-07T19:05:31","guid":{"rendered":"http:\/\/www.ffwschwebheim.de\/?p=5778"},"modified":"2016-10-22T11:13:12","modified_gmt":"2016-10-22T09:13:12","slug":"29-einsatz-dachstuhlbrand-am-07-10-2016-um-2045-uhr","status":"publish","type":"post","link":"https:\/\/www.ffwschwebheim.de\/?p=5778","title":{"rendered":"29. Einsatz  Dachstuhlbrand am 07.10.2016 um 20:45 Uhr"},"content":{"rendered":"\n\t\t<style type=\"text\/css\">\n\t\t\t#gallery-1 {\n\t\t\t\tmargin: auto;\n\t\t\t}\n\t\t\t#gallery-1 .gallery-item {\n\t\t\t\tfloat: left;\n\t\t\t\tmargin-top: 10px;\n\t\t\t\ttext-align: center;\n\t\t\t\twidth: 25%;\n\t\t\t}\n\t\t\t#gallery-1 img {\n\t\t\t\tborder: 2px solid #cfcfcf;\n\t\t\t}\n\t\t\t#gallery-1 .gallery-caption {\n\t\t\t\tmargin-left: 0;\n\t\t\t}\n\t\t\t\/* see gallery_shortcode() in wp-includes\/media.php *\/\n\t\t<\/style>\n\t\t<div id='gallery-1' class='gallery galleryid-5778 gallery-columns-4 gallery-size-thumbnail'><dl class='gallery-item'>\n\t\t\t<dt class='gallery-icon landscape'>\n\t\t\t\t<a href='https:\/\/www.ffwschwebheim.de\/?attachment_id=5804'><img width=\"150\" height=\"150\" src=\"https:\/\/www.ffwschwebheim.de\/wp-content\/uploads\/2016\/10\/image-2-150x150.jpg\" class=\"attachment-thumbnail size-thumbnail\" alt=\"\" decoding=\"async\" loading=\"lazy\" \/><\/a>\n\t\t\t<\/dt><\/dl><dl class='gallery-item'>\n\t\t\t<dt class='gallery-icon landscape'>\n\t\t\t\t<a href='https:\/\/www.ffwschwebheim.de\/?attachment_id=5805'><img width=\"150\" height=\"150\" src=\"https:\/\/www.ffwschwebheim.de\/wp-content\/uploads\/2016\/10\/image-3-150x150.jpg\" class=\"attachment-thumbnail size-thumbnail\" alt=\"\" decoding=\"async\" loading=\"lazy\" \/><\/a>\n\t\t\t<\/dt><\/dl><dl class='gallery-item'>\n\t\t\t<dt class='gallery-icon landscape'>\n\t\t\t\t<a href='https:\/\/www.ffwschwebheim.de\/?attachment_id=5806'><img width=\"150\" height=\"150\" src=\"https:\/\/www.ffwschwebheim.de\/wp-content\/uploads\/2016\/10\/image-4-150x150.jpg\" class=\"attachment-thumbnail size-thumbnail\" alt=\"\" decoding=\"async\" loading=\"lazy\" \/><\/a>\n\t\t\t<\/dt><\/dl><dl class='gallery-item'>\n\t\t\t<dt class='gallery-icon landscape'>\n\t\t\t\t<a href='https:\/\/www.ffwschwebheim.de\/?attachment_id=5807'><img width=\"150\" height=\"150\" src=\"https:\/\/www.ffwschwebheim.de\/wp-content\/uploads\/2016\/10\/image-5-150x150.jpg\" class=\"attachment-thumbnail size-thumbnail\" alt=\"\" decoding=\"async\" loading=\"lazy\" \/><\/a>\n\t\t\t<\/dt><\/dl><br style=\"clear: both\" \/><dl class='gallery-item'>\n\t\t\t<dt class='gallery-icon landscape'>\n\t\t\t\t<a href='https:\/\/www.ffwschwebheim.de\/?attachment_id=5808'><img width=\"150\" height=\"150\" src=\"https:\/\/www.ffwschwebheim.de\/wp-content\/uploads\/2016\/10\/image-6-150x150.jpg\" class=\"attachment-thumbnail size-thumbnail\" alt=\"\" decoding=\"async\" loading=\"lazy\" \/><\/a>\n\t\t\t<\/dt><\/dl><dl class='gallery-item'>\n\t\t\t<dt class='gallery-icon landscape'>\n\t\t\t\t<a href='https:\/\/www.ffwschwebheim.de\/?attachment_id=5809'><img width=\"150\" height=\"150\" src=\"https:\/\/www.ffwschwebheim.de\/wp-content\/uploads\/2016\/10\/image-7-150x150.jpg\" class=\"attachment-thumbnail size-thumbnail\" alt=\"\" decoding=\"async\" loading=\"lazy\" \/><\/a>\n\t\t\t<\/dt><\/dl><dl class='gallery-item'>\n\t\t\t<dt class='gallery-icon landscape'>\n\t\t\t\t<a href='https:\/\/www.ffwschwebheim.de\/?attachment_id=5810'><img width=\"150\" height=\"150\" src=\"https:\/\/www.ffwschwebheim.de\/wp-content\/uploads\/2016\/10\/image-8-150x150.jpg\" class=\"attachment-thumbnail size-thumbnail\" alt=\"\" decoding=\"async\" loading=\"lazy\" \/><\/a>\n\t\t\t<\/dt><\/dl><dl class='gallery-item'>\n\t\t\t<dt class='gallery-icon landscape'>\n\t\t\t\t<a href='https:\/\/www.ffwschwebheim.de\/?attachment_id=5811'><img width=\"150\" height=\"150\" src=\"https:\/\/www.ffwschwebheim.de\/wp-content\/uploads\/2016\/10\/image-9-150x150.jpg\" class=\"attachment-thumbnail size-thumbnail\" alt=\"\" decoding=\"async\" loading=\"lazy\" \/><\/a>\n\t\t\t<\/dt><\/dl><br style=\"clear: both\" \/><dl class='gallery-item'>\n\t\t\t<dt class='gallery-icon landscape'>\n\t\t\t\t<a href='https:\/\/www.ffwschwebheim.de\/?attachment_id=5812'><img width=\"150\" height=\"150\" src=\"https:\/\/www.ffwschwebheim.de\/wp-content\/uploads\/2016\/10\/image-10-150x150.jpg\" class=\"attachment-thumbnail size-thumbnail\" alt=\"\" decoding=\"async\" loading=\"lazy\" \/><\/a>\n\t\t\t<\/dt><\/dl><dl class='gallery-item'>\n\t\t\t<dt class='gallery-icon landscape'>\n\t\t\t\t<a href='https:\/\/www.ffwschwebheim.de\/?attachment_id=5813'><img width=\"150\" height=\"150\" src=\"https:\/\/www.ffwschwebheim.de\/wp-content\/uploads\/2016\/10\/image-11-150x150.jpg\" class=\"attachment-thumbnail size-thumbnail\" alt=\"\" decoding=\"async\" loading=\"lazy\" \/><\/a>\n\t\t\t<\/dt><\/dl><dl class='gallery-item'>\n\t\t\t<dt class='gallery-icon landscape'>\n\t\t\t\t<a href='https:\/\/www.ffwschwebheim.de\/?attachment_id=5814'><img width=\"150\" height=\"150\" src=\"https:\/\/www.ffwschwebheim.de\/wp-content\/uploads\/2016\/10\/image-12-150x150.jpg\" class=\"attachment-thumbnail size-thumbnail\" alt=\"\" decoding=\"async\" loading=\"lazy\" \/><\/a>\n\t\t\t<\/dt><\/dl><dl class='gallery-item'>\n\t\t\t<dt class='gallery-icon landscape'>\n\t\t\t\t<a href='https:\/\/www.ffwschwebheim.de\/?attachment_id=5815'><img width=\"150\" height=\"150\" src=\"https:\/\/www.ffwschwebheim.de\/wp-content\/uploads\/2016\/10\/image-150x150.jpg\" class=\"attachment-thumbnail size-thumbnail\" alt=\"\" decoding=\"async\" loading=\"lazy\" \/><\/a>\n\t\t\t<\/dt><\/dl><br style=\"clear: both\" \/><dl class='gallery-item'>\n\t\t\t<dt class='gallery-icon landscape'>\n\t\t\t\t<a href='https:\/\/www.ffwschwebheim.de\/?attachment_id=5816'><img width=\"150\" height=\"150\" src=\"https:\/\/www.ffwschwebheim.de\/wp-content\/uploads\/2016\/10\/IMG-20161009-WA0000-150x150.jpg\" class=\"attachment-thumbnail size-thumbnail\" alt=\"\" decoding=\"async\" loading=\"lazy\" \/><\/a>\n\t\t\t<\/dt><\/dl><dl class='gallery-item'>\n\t\t\t<dt class='gallery-icon landscape'>\n\t\t\t\t<a href='https:\/\/www.ffwschwebheim.de\/?attachment_id=5817'><img width=\"150\" height=\"150\" src=\"https:\/\/www.ffwschwebheim.de\/wp-content\/uploads\/2016\/10\/IMG-20161009-WA0001-150x150.jpg\" class=\"attachment-thumbnail size-thumbnail\" alt=\"\" decoding=\"async\" loading=\"lazy\" \/><\/a>\n\t\t\t<\/dt><\/dl><dl class='gallery-item'>\n\t\t\t<dt class='gallery-icon landscape'>\n\t\t\t\t<a href='https:\/\/www.ffwschwebheim.de\/?attachment_id=5818'><img width=\"150\" height=\"150\" src=\"https:\/\/www.ffwschwebheim.de\/wp-content\/uploads\/2016\/10\/IMG-20161009-WA0002-150x150.jpg\" class=\"attachment-thumbnail size-thumbnail\" alt=\"\" decoding=\"async\" loading=\"lazy\" \/><\/a>\n\t\t\t<\/dt><\/dl>\n\t\t\t<br style='clear: both' \/>\n\t\t<\/div>\n\n<ul>\n<li>Ein Gro\u00dfaufgebot von Feuerwehren war am Freitagabend in Schwebheim im Einsatz. Aus bislang noch ungekl\u00e4rter Ursache ist in einem Einfamilienhaus im Grettstadter Weg ein Feuer ausgebrochen. Die beiden Hausbewohner blieben laut Polizeibericht unverletzt.Gegen 20.45 Uhr war die Mitteilung \u00fcber den Brand bei der Einsatzzentrale des Polizeipr\u00e4sidiums Unterfranken eingegangen. Beim Eintreffen der ersten Einsatzkr\u00e4fte stand der Dachstuhl des Hauses bereits komplett in Flammen, hei\u00dft es im Polizeibericht.\n<p>Die beiden Bewohner hatten sich rechtzeitig aus dem Haus retten k\u00f6nnen und blieben laut Polizei unverletzt. Am Brandort waren mehrere Streifen der Schweinfurter Polizei sowie die Feuerwehren aus Schwebheim, Sennfeld, R\u00f6thlein, Gerolzhofen und Gochsheim mit zahlreichen Rettungskr\u00e4ften im Einsatz.<br \/>\nDie Kriminalpolizei Schweinfurt hat inzwischen die Ermittlungen zur Brandursache aufgenommen. die H\u00f6he des entstandenen Schadens an dem Einfamilienhaus steht noch nicht fest. Auch hier ermittelt die Kripo noch.<\/p>\n<p>&nbsp;<\/li>\n<li><strong><strong>Eingesetzte Fahrzeuge der FFW Schwebheim :<\/strong><\/strong>\n<ul>\n<li>Schwebheim 56\/1<\/li>\n<li>Schwebheim 40\/1\n<ul>\n<ul>\n<li><strong>Weitere eingesetzten Rettungskr\u00e4fte<br \/>\n<\/strong><\/li>\n<li>FF Sennfeld 40\/1<\/li>\n<li>FF Sennfeld 41\/1<\/li>\n<li>FF Sennfeld 21\/1<\/li>\n<li>FF Sennfeld 11\/1<\/li>\n<li>FF R\u00f6thlein 40\/1<\/li>\n<li>FF R\u00f6thlein 11\/1<\/li>\n<li>FF r\u00f6thlein 48\/1<\/li>\n<li>FF Gochsheim 40\/1<\/li>\n<li>FF Gochsheim 43\/1<\/li>\n<li>FF Gochsheim 11\/1<\/li>\n<li>FF Gochsheim 31\/1<\/li>\n<li>FF Gerolzhofen 12\/1<\/li>\n<li>FF Gerolzhofen 21\/1<\/li>\n<li>FF Gerolzhofen 30\/1<\/li>\n<li>Schweinfurt-Land 1<\/li>\n<li>Schweinfurt Land 4\/1<\/li>\n<li>Schweinfurt Land 4\/4<\/li>\n<li>Schweinfurt Land 3<\/li>\n<li>Schweinfurt Land 3\/2<\/li>\n<\/ul>\n<\/ul>\n<\/li>\n<\/ul>\n<\/li>\n<\/ul>\n","protected":false},"excerpt":{"rendered":"<p>Ein Gro\u00dfaufgebot von Feuerwehren war am Freitagabend in Schwebheim im Einsatz. Aus bislang noch ungekl\u00e4rter Ursache ist in einem Einfamilienhaus im Grettstadter Weg ein Feuer ausgebrochen. Die beiden Hausbewohner blieben laut Polizeibericht unverletzt.Gegen 20.45 Uhr war die Mitteilung \u00fcber den &hellip; <a href=\"https:\/\/www.ffwschwebheim.de\/?p=5778\">Weiterlesen <span class=\"meta-nav\">&rarr;<\/span><\/a><\/p>\n","protected":false},"author":2,"featured_media":0,"comment_status":"closed","ping_status":"open","sticky":false,"template":"","format":"standard","meta":[],"categories":[17,28,1],"tags":[],"_links":{"self":[{"href":"https:\/\/www.ffwschwebheim.de\/index.php?rest_route=\/wp\/v2\/posts\/5778"}],"collection":[{"href":"https:\/\/www.ffwschwebheim.de\/index.php?rest_route=\/wp\/v2\/posts"}],"about":[{"href":"https:\/\/www.ffwschwebheim.de\/index.php?rest_route=\/wp\/v2\/types\/post"}],"author":[{"embeddable":true,"href":"https:\/\/www.ffwschwebheim.de\/index.php?rest_route=\/wp\/v2\/users\/2"}],"replies":[{"embeddable":true,"href":"https:\/\/www.ffwschwebheim.de\/index.php?rest_route=%2Fwp%2Fv2%2Fcomments&post=5778"}],"version-history":[{"count":5,"href":"https:\/\/www.ffwschwebheim.de\/index.php?rest_route=\/wp\/v2\/posts\/5778\/revisions"}],"predecessor-version":[{"id":5803,"href":"https:\/\/www.ffwschwebheim.de\/index.php?rest_route=\/wp\/v2\/posts\/5778\/revisions\/5803"}],"wp:attachment":[{"href":"https:\/\/www.ffwschwebheim.de\/index.php?rest_route=%2Fwp%2Fv2%2Fmedia&parent=5778"}],"wp:term":[{"taxonomy":"category","embeddable":true,"href":"https:\/\/www.ffwschwebheim.de\/index.php?rest_route=%2Fwp%2Fv2%2Fcategories&post=5778"},{"taxonomy":"post_tag","embeddable":true,"href":"https:\/\/www.ffwschwebheim.de\/index.php?rest_route=%2Fwp%2Fv2%2Ftags&post=5778"}],"curies":[{"name":"wp","href":"https:\/\/api.w.org\/{rel}","templated":true}]}}