{"id":5744,"date":"2016-09-30T12:58:54","date_gmt":"2016-09-30T10:58:54","guid":{"rendered":"http:\/\/www.ffwschwebheim.de\/?p=5744"},"modified":"2016-10-07T09:25:18","modified_gmt":"2016-10-07T07:25:18","slug":"28-einsatz-vu-lkw-auf-b-286-am-30-09-2016-um-0706-uhr","status":"publish","type":"post","link":"https:\/\/www.ffwschwebheim.de\/?p=5744","title":{"rendered":"28. Einsatz     VU    LKW auf B 286 am 30.09.2016 um 07:06 Uhr"},"content":{"rendered":"<ul>\n<ul>\n<li>\n\t\t<style type=\"text\/css\">\n\t\t\t#gallery-1 {\n\t\t\t\tmargin: auto;\n\t\t\t}\n\t\t\t#gallery-1 .gallery-item {\n\t\t\t\tfloat: left;\n\t\t\t\tmargin-top: 10px;\n\t\t\t\ttext-align: center;\n\t\t\t\twidth: 25%;\n\t\t\t}\n\t\t\t#gallery-1 img {\n\t\t\t\tborder: 2px solid #cfcfcf;\n\t\t\t}\n\t\t\t#gallery-1 .gallery-caption {\n\t\t\t\tmargin-left: 0;\n\t\t\t}\n\t\t\t\/* see gallery_shortcode() in wp-includes\/media.php *\/\n\t\t<\/style>\n\t\t<div id='gallery-1' class='gallery galleryid-5744 gallery-columns-4 gallery-size-thumbnail'><dl class='gallery-item'>\n\t\t\t<dt class='gallery-icon landscape'>\n\t\t\t\t<a href='https:\/\/www.ffwschwebheim.de\/?attachment_id=5746'><img width=\"150\" height=\"150\" src=\"https:\/\/www.ffwschwebheim.de\/wp-content\/uploads\/2016\/09\/IMG-20160930-WA0005-150x150.jpg\" class=\"attachment-thumbnail size-thumbnail\" alt=\"\" decoding=\"async\" loading=\"lazy\" \/><\/a>\n\t\t\t<\/dt><\/dl><dl class='gallery-item'>\n\t\t\t<dt class='gallery-icon landscape'>\n\t\t\t\t<a href='https:\/\/www.ffwschwebheim.de\/?attachment_id=5747'><img width=\"150\" height=\"150\" src=\"https:\/\/www.ffwschwebheim.de\/wp-content\/uploads\/2016\/09\/IMG-20160930-WA0006-150x150.jpg\" class=\"attachment-thumbnail size-thumbnail\" alt=\"\" decoding=\"async\" loading=\"lazy\" \/><\/a>\n\t\t\t<\/dt><\/dl>\n\t\t\t<br style='clear: both' \/>\n\t\t<\/div>\n<\/li>\n<li><strong><strong>Bagger bleibt an Br\u00fccke h\u00e4ngen<\/strong><\/strong>\n<p>F\u00fcr gr\u00f6\u00dfere Verkehrsbehinderungen im morgendlichen Berufsverkehr sorgte am Freitag, kurz nach 7 Uhr, ein Unfall an der Schnellstra\u00dfenbr\u00fccke bei Unterspiesheim. Der Fahrer eines Tiefladers, der einen Schaufelbagger geladen hatte und auf der B286 in Richtung Schweinfurt unterwegs war, hatte wohl die H\u00f6he der Unterf\u00fchrung falsch eingesch\u00e4tzt.<\/p>\n<p>Beim Durchfahren blieb der Bagger mit den Hydraulikarm an der Br\u00fccke h\u00e4ngen. Das dabei herausgebrochene Betonst\u00fcck wurde von einem herbeigerufenen Sachverst\u00e4ndigen jedoch als unbedeutend eingesch\u00e4tzt, der Schaden an der Br\u00fccke d\u00fcrfte somit eher gering sein. Der am Bagger wird von der Polizei auf 10 000 bis 15 000 Euro gesch\u00e4tzt.<\/p>\n<p>Eine Vollsperrung der B286 war nicht erforderlich. Der Verkehr wurde w\u00e4hrend der Bergungsarbeiten von den Feuerwehren Unterspiesheim , Schwebheim und R\u00f6thlein geregelt.<\/li>\n<li>Quelle Mainpost.<\/li>\n<li><strong><strong>Eingesetzte Fahrzeuge der FFW Schwebheim :<\/strong><\/strong>\n<ul>\n<li>Schwebheim 56\/1<\/li>\n<li>Schwebheim 40\/1\n<ul>\n<ul>\n<li><strong>Weitere eingesetzten Rettungskr\u00e4fte<br \/>\n<\/strong><\/li>\n<li>FF Unterspiesheim 40\/1<\/li>\n<li>FF Unterspiesheim 11\/1<\/li>\n<li>FF R\u00f6thlein 40\/1<\/li>\n<li>Schweinfurt-Land 1<\/li>\n<li>Schweinfurt Land 3\/1<\/li>\n<li>Schweinfurt Land 3<\/li>\n<\/ul>\n<\/ul>\n<\/li>\n<\/ul>\n<\/li>\n<\/ul>\n<\/ul>\n","protected":false},"excerpt":{"rendered":"<p>Bagger bleibt an Br\u00fccke h\u00e4ngen F\u00fcr gr\u00f6\u00dfere Verkehrsbehinderungen im morgendlichen Berufsverkehr sorgte am Freitag, kurz nach 7 Uhr, ein Unfall an der Schnellstra\u00dfenbr\u00fccke bei Unterspiesheim. Der Fahrer eines Tiefladers, der einen Schaufelbagger geladen hatte und auf der B286 in Richtung &hellip; <a href=\"https:\/\/www.ffwschwebheim.de\/?p=5744\">Weiterlesen <span class=\"meta-nav\">&rarr;<\/span><\/a><\/p>\n","protected":false},"author":2,"featured_media":0,"comment_status":"closed","ping_status":"open","sticky":false,"template":"","format":"standard","meta":[],"categories":[17,28,1],"tags":[],"_links":{"self":[{"href":"https:\/\/www.ffwschwebheim.de\/index.php?rest_route=\/wp\/v2\/posts\/5744"}],"collection":[{"href":"https:\/\/www.ffwschwebheim.de\/index.php?rest_route=\/wp\/v2\/posts"}],"about":[{"href":"https:\/\/www.ffwschwebheim.de\/index.php?rest_route=\/wp\/v2\/types\/post"}],"author":[{"embeddable":true,"href":"https:\/\/www.ffwschwebheim.de\/index.php?rest_route=\/wp\/v2\/users\/2"}],"replies":[{"embeddable":true,"href":"https:\/\/www.ffwschwebheim.de\/index.php?rest_route=%2Fwp%2Fv2%2Fcomments&post=5744"}],"version-history":[{"count":4,"href":"https:\/\/www.ffwschwebheim.de\/index.php?rest_route=\/wp\/v2\/posts\/5744\/revisions"}],"predecessor-version":[{"id":5756,"href":"https:\/\/www.ffwschwebheim.de\/index.php?rest_route=\/wp\/v2\/posts\/5744\/revisions\/5756"}],"wp:attachment":[{"href":"https:\/\/www.ffwschwebheim.de\/index.php?rest_route=%2Fwp%2Fv2%2Fmedia&parent=5744"}],"wp:term":[{"taxonomy":"category","embeddable":true,"href":"https:\/\/www.ffwschwebheim.de\/index.php?rest_route=%2Fwp%2Fv2%2Fcategories&post=5744"},{"taxonomy":"post_tag","embeddable":true,"href":"https:\/\/www.ffwschwebheim.de\/index.php?rest_route=%2Fwp%2Fv2%2Ftags&post=5744"}],"curies":[{"name":"wp","href":"https:\/\/api.w.org\/{rel}","templated":true}]}}