{"id":5084,"date":"2015-11-21T19:33:23","date_gmt":"2015-11-21T17:33:23","guid":{"rendered":"http:\/\/www.ffwschwebheim.de\/?p=5084"},"modified":"2015-11-22T19:58:11","modified_gmt":"2015-11-22T17:58:11","slug":"schlachtschussel-am-samstag-21-11-2015","status":"publish","type":"post","link":"https:\/\/www.ffwschwebheim.de\/?p=5084","title":{"rendered":"Schlachtsch\u00fcssel am Samstag, 21.11.2015"},"content":{"rendered":"<p><strong>Ist in November ein &#8218;R&#8216;?<\/strong><\/p>\n<p>Nat\u00fcrlich &#8211; eine Schlachtsch\u00fcssel darf n\u00e4mlich nur in Monaten mit &#8218;R&#8216; stattfinden. Diese \u00fcber 150 Jahre alte Tradition bleibt bei der Feuerwehr selbstverst\u00e4ndlich gewahrt!<\/p>\n<p>Auf blankgescheuerten Holzbrettern lagen die Utensilien f\u00fcr das kommende Vergn\u00fcgen bereit. Besteck, Pfeffer, Salz, Brot, Meerretich und nat\u00fcrlich durfte auch das Sauerkraut nicht fehlen. Nach der offiziellen Begr\u00fc\u00dfung der G\u00e4ste ging es auch unmittelbar zur Sache.<\/p>\n<p>Das Fleisch f\u00fcr die vier G\u00e4nge wurde direkt aus dem dampfenden Bottich frisch aufgeschnitten und den hungernden G\u00e4sten serviert. Zun\u00e4chst gab es Bauchfleisch. Darauf folgte Bug. Beim Kopffleisch des dritten Ganges landete bei dem Ein- oder Anderen der R\u00fcssel direkt vor der eigenen Nase. Den kr\u00f6nenden Abschluss bildeten dann Herz, Niere und Zunge.<\/p>\n<p>Mit original Schweinfurter-Schlachtsch\u00fcssel-Liedern als auch mit Fr\u00e4nkischen Volksliedern wurde die Veranstaltung von dem Alleinunterhalter Thomas Reder\u00a0musikalisch untermalt.<\/p>\n<p>Ob nun das Bauchfleich, die \u201cNierli\u201d oder die Musik das Beste war, blieb dem Geschmack eines jedem Einzelnen \u00fcberlassen.<\/p>\n<p>Die vorhandenen 77 Pl\u00e4tze waren (wie eigentlich jedes Jahr) restlos ausverkauft. In diesem Jahr war das Interesse allerdings besonders gro\u00df, so das viele Absagen ausgesprochen werden mussten. Ich m\u00f6chte an dieser Stelle um Verst\u00e4ndnis daf\u00fcr bitten. Wir werden \u00fcber eine entsprechende Verbesserung f\u00fcr das n\u00e4chste Jahr nachdenken.<\/p>\n<p>&nbsp;<\/p>\n\n\t\t<style type=\"text\/css\">\n\t\t\t#gallery-1 {\n\t\t\t\tmargin: auto;\n\t\t\t}\n\t\t\t#gallery-1 .gallery-item {\n\t\t\t\tfloat: left;\n\t\t\t\tmargin-top: 10px;\n\t\t\t\ttext-align: center;\n\t\t\t\twidth: 33%;\n\t\t\t}\n\t\t\t#gallery-1 img {\n\t\t\t\tborder: 2px solid #cfcfcf;\n\t\t\t}\n\t\t\t#gallery-1 .gallery-caption {\n\t\t\t\tmargin-left: 0;\n\t\t\t}\n\t\t\t\/* see gallery_shortcode() in wp-includes\/media.php *\/\n\t\t<\/style>\n\t\t<div id='gallery-1' class='gallery galleryid-5084 gallery-columns-3 gallery-size-thumbnail'><dl class='gallery-item'>\n\t\t\t<dt class='gallery-icon portrait'>\n\t\t\t\t<a href='https:\/\/www.ffwschwebheim.de\/?attachment_id=5085'><img width=\"150\" height=\"150\" src=\"https:\/\/www.ffwschwebheim.de\/wp-content\/uploads\/2015\/11\/IMG-20151122-WA0004-150x150.jpg\" class=\"attachment-thumbnail size-thumbnail\" alt=\"\" decoding=\"async\" loading=\"lazy\" \/><\/a>\n\t\t\t<\/dt><\/dl><dl class='gallery-item'>\n\t\t\t<dt class='gallery-icon portrait'>\n\t\t\t\t<a href='https:\/\/www.ffwschwebheim.de\/?attachment_id=5086'><img width=\"150\" height=\"150\" src=\"https:\/\/www.ffwschwebheim.de\/wp-content\/uploads\/2015\/11\/IMG-20151122-WA0006-150x150.jpg\" class=\"attachment-thumbnail size-thumbnail\" alt=\"\" decoding=\"async\" loading=\"lazy\" \/><\/a>\n\t\t\t<\/dt><\/dl><dl class='gallery-item'>\n\t\t\t<dt class='gallery-icon portrait'>\n\t\t\t\t<a href='https:\/\/www.ffwschwebheim.de\/?attachment_id=5087'><img width=\"150\" height=\"150\" src=\"https:\/\/www.ffwschwebheim.de\/wp-content\/uploads\/2015\/11\/IMG-20151122-WA0007-150x150.jpg\" class=\"attachment-thumbnail size-thumbnail\" alt=\"\" decoding=\"async\" loading=\"lazy\" \/><\/a>\n\t\t\t<\/dt><\/dl><br style=\"clear: both\" \/><dl class='gallery-item'>\n\t\t\t<dt class='gallery-icon landscape'>\n\t\t\t\t<a href='https:\/\/www.ffwschwebheim.de\/?attachment_id=5088'><img width=\"150\" height=\"150\" src=\"https:\/\/www.ffwschwebheim.de\/wp-content\/uploads\/2015\/11\/IMG-20151122-WA0008-150x150.jpg\" class=\"attachment-thumbnail size-thumbnail\" alt=\"\" decoding=\"async\" loading=\"lazy\" \/><\/a>\n\t\t\t<\/dt><\/dl><dl class='gallery-item'>\n\t\t\t<dt class='gallery-icon portrait'>\n\t\t\t\t<a href='https:\/\/www.ffwschwebheim.de\/?attachment_id=5089'><img width=\"150\" height=\"150\" src=\"https:\/\/www.ffwschwebheim.de\/wp-content\/uploads\/2015\/11\/IMG-20151122-WA0009-150x150.jpg\" class=\"attachment-thumbnail size-thumbnail\" alt=\"\" decoding=\"async\" loading=\"lazy\" \/><\/a>\n\t\t\t<\/dt><\/dl><dl class='gallery-item'>\n\t\t\t<dt class='gallery-icon portrait'>\n\t\t\t\t<a href='https:\/\/www.ffwschwebheim.de\/?attachment_id=5090'><img width=\"150\" height=\"150\" src=\"https:\/\/www.ffwschwebheim.de\/wp-content\/uploads\/2015\/11\/IMG-20151122-WA0010-150x150.jpg\" class=\"attachment-thumbnail size-thumbnail\" alt=\"\" decoding=\"async\" loading=\"lazy\" \/><\/a>\n\t\t\t<\/dt><\/dl><br style=\"clear: both\" \/><dl class='gallery-item'>\n\t\t\t<dt class='gallery-icon portrait'>\n\t\t\t\t<a href='https:\/\/www.ffwschwebheim.de\/?attachment_id=5091'><img width=\"150\" height=\"150\" src=\"https:\/\/www.ffwschwebheim.de\/wp-content\/uploads\/2015\/11\/IMG-20151122-WA0011-150x150.jpg\" class=\"attachment-thumbnail size-thumbnail\" alt=\"\" decoding=\"async\" loading=\"lazy\" \/><\/a>\n\t\t\t<\/dt><\/dl><dl class='gallery-item'>\n\t\t\t<dt class='gallery-icon portrait'>\n\t\t\t\t<a href='https:\/\/www.ffwschwebheim.de\/?attachment_id=5092'><img width=\"150\" height=\"150\" src=\"https:\/\/www.ffwschwebheim.de\/wp-content\/uploads\/2015\/11\/IMG-20151122-WA0012-150x150.jpg\" class=\"attachment-thumbnail size-thumbnail\" alt=\"\" decoding=\"async\" loading=\"lazy\" \/><\/a>\n\t\t\t<\/dt><\/dl><dl class='gallery-item'>\n\t\t\t<dt class='gallery-icon portrait'>\n\t\t\t\t<a href='https:\/\/www.ffwschwebheim.de\/?attachment_id=5093'><img width=\"150\" height=\"150\" src=\"https:\/\/www.ffwschwebheim.de\/wp-content\/uploads\/2015\/11\/IMG-20151122-WA0015-150x150.jpg\" class=\"attachment-thumbnail size-thumbnail\" alt=\"\" decoding=\"async\" loading=\"lazy\" \/><\/a>\n\t\t\t<\/dt><\/dl><br style=\"clear: both\" \/><dl class='gallery-item'>\n\t\t\t<dt class='gallery-icon portrait'>\n\t\t\t\t<a href='https:\/\/www.ffwschwebheim.de\/?attachment_id=5094'><img width=\"150\" height=\"150\" src=\"https:\/\/www.ffwschwebheim.de\/wp-content\/uploads\/2015\/11\/IMG-20151122-WA0016-150x150.jpg\" class=\"attachment-thumbnail size-thumbnail\" alt=\"\" decoding=\"async\" loading=\"lazy\" \/><\/a>\n\t\t\t<\/dt><\/dl><dl class='gallery-item'>\n\t\t\t<dt class='gallery-icon landscape'>\n\t\t\t\t<a href='https:\/\/www.ffwschwebheim.de\/?attachment_id=5095'><img width=\"150\" height=\"150\" src=\"https:\/\/www.ffwschwebheim.de\/wp-content\/uploads\/2015\/11\/WP_20151121_001-150x150.jpg\" class=\"attachment-thumbnail size-thumbnail\" alt=\"\" decoding=\"async\" loading=\"lazy\" \/><\/a>\n\t\t\t<\/dt><\/dl><dl class='gallery-item'>\n\t\t\t<dt class='gallery-icon landscape'>\n\t\t\t\t<a href='https:\/\/www.ffwschwebheim.de\/?attachment_id=5096'><img width=\"150\" height=\"150\" src=\"https:\/\/www.ffwschwebheim.de\/wp-content\/uploads\/2015\/11\/WP_20151121_002-150x150.jpg\" class=\"attachment-thumbnail size-thumbnail\" alt=\"\" decoding=\"async\" loading=\"lazy\" \/><\/a>\n\t\t\t<\/dt><\/dl><br style=\"clear: both\" \/><dl class='gallery-item'>\n\t\t\t<dt class='gallery-icon landscape'>\n\t\t\t\t<a href='https:\/\/www.ffwschwebheim.de\/?attachment_id=5097'><img width=\"150\" height=\"150\" src=\"https:\/\/www.ffwschwebheim.de\/wp-content\/uploads\/2015\/11\/WP_20151121_003-150x150.jpg\" class=\"attachment-thumbnail size-thumbnail\" alt=\"\" decoding=\"async\" loading=\"lazy\" \/><\/a>\n\t\t\t<\/dt><\/dl>\n\t\t\t<br style='clear: both' \/>\n\t\t<\/div>\n\n","protected":false},"excerpt":{"rendered":"<p>Ist in November ein &#8218;R&#8216;? Nat\u00fcrlich &#8211; eine Schlachtsch\u00fcssel darf n\u00e4mlich nur in Monaten mit &#8218;R&#8216; stattfinden. Diese \u00fcber 150 Jahre alte Tradition bleibt bei der Feuerwehr selbstverst\u00e4ndlich gewahrt! Auf blankgescheuerten Holzbrettern lagen die Utensilien f\u00fcr das kommende Vergn\u00fcgen bereit. &hellip; <a href=\"https:\/\/www.ffwschwebheim.de\/?p=5084\">Weiterlesen <span class=\"meta-nav\">&rarr;<\/span><\/a><\/p>\n","protected":false},"author":3,"featured_media":0,"comment_status":"closed","ping_status":"open","sticky":false,"template":"","format":"standard","meta":[],"categories":[27,21],"tags":[],"_links":{"self":[{"href":"https:\/\/www.ffwschwebheim.de\/index.php?rest_route=\/wp\/v2\/posts\/5084"}],"collection":[{"href":"https:\/\/www.ffwschwebheim.de\/index.php?rest_route=\/wp\/v2\/posts"}],"about":[{"href":"https:\/\/www.ffwschwebheim.de\/index.php?rest_route=\/wp\/v2\/types\/post"}],"author":[{"embeddable":true,"href":"https:\/\/www.ffwschwebheim.de\/index.php?rest_route=\/wp\/v2\/users\/3"}],"replies":[{"embeddable":true,"href":"https:\/\/www.ffwschwebheim.de\/index.php?rest_route=%2Fwp%2Fv2%2Fcomments&post=5084"}],"version-history":[{"count":2,"href":"https:\/\/www.ffwschwebheim.de\/index.php?rest_route=\/wp\/v2\/posts\/5084\/revisions"}],"predecessor-version":[{"id":5099,"href":"https:\/\/www.ffwschwebheim.de\/index.php?rest_route=\/wp\/v2\/posts\/5084\/revisions\/5099"}],"wp:attachment":[{"href":"https:\/\/www.ffwschwebheim.de\/index.php?rest_route=%2Fwp%2Fv2%2Fmedia&parent=5084"}],"wp:term":[{"taxonomy":"category","embeddable":true,"href":"https:\/\/www.ffwschwebheim.de\/index.php?rest_route=%2Fwp%2Fv2%2Fcategories&post=5084"},{"taxonomy":"post_tag","embeddable":true,"href":"https:\/\/www.ffwschwebheim.de\/index.php?rest_route=%2Fwp%2Fv2%2Ftags&post=5084"}],"curies":[{"name":"wp","href":"https:\/\/api.w.org\/{rel}","templated":true}]}}