{"id":4236,"date":"2015-03-11T19:00:58","date_gmt":"2015-03-11T17:00:58","guid":{"rendered":"http:\/\/www.ffwschwebheim.de\/?p=4236"},"modified":"2015-03-14T13:12:35","modified_gmt":"2015-03-14T11:12:35","slug":"1-einsatz-vu-am-11-03-2015-um-1709-uhr-heidenfeld","status":"publish","type":"post","link":"https:\/\/www.ffwschwebheim.de\/?p=4236","title":{"rendered":"1. Einsatz     VU am 11.03.2015 um 17:09 Uhr Heidenfeld"},"content":{"rendered":"\n\t\t<style type=\"text\/css\">\n\t\t\t#gallery-1 {\n\t\t\t\tmargin: auto;\n\t\t\t}\n\t\t\t#gallery-1 .gallery-item {\n\t\t\t\tfloat: left;\n\t\t\t\tmargin-top: 10px;\n\t\t\t\ttext-align: center;\n\t\t\t\twidth: 25%;\n\t\t\t}\n\t\t\t#gallery-1 img {\n\t\t\t\tborder: 2px solid #cfcfcf;\n\t\t\t}\n\t\t\t#gallery-1 .gallery-caption {\n\t\t\t\tmargin-left: 0;\n\t\t\t}\n\t\t\t\/* see gallery_shortcode() in wp-includes\/media.php *\/\n\t\t<\/style>\n\t\t<div id='gallery-1' class='gallery galleryid-4236 gallery-columns-4 gallery-size-thumbnail'><dl class='gallery-item'>\n\t\t\t<dt class='gallery-icon landscape'>\n\t\t\t\t<a href='https:\/\/www.ffwschwebheim.de\/?attachment_id=4237'><img width=\"150\" height=\"150\" src=\"https:\/\/www.ffwschwebheim.de\/wp-content\/uploads\/2015\/03\/IMG-20150313-WA0011-150x150.jpg\" class=\"attachment-thumbnail size-thumbnail\" alt=\"\" decoding=\"async\" loading=\"lazy\" \/><\/a>\n\t\t\t<\/dt><\/dl><dl class='gallery-item'>\n\t\t\t<dt class='gallery-icon landscape'>\n\t\t\t\t<a href='https:\/\/www.ffwschwebheim.de\/?attachment_id=4238'><img width=\"150\" height=\"150\" src=\"https:\/\/www.ffwschwebheim.de\/wp-content\/uploads\/2015\/03\/IMG-20150313-WA0012-150x150.jpg\" class=\"attachment-thumbnail size-thumbnail\" alt=\"\" decoding=\"async\" loading=\"lazy\" \/><\/a>\n\t\t\t<\/dt><\/dl><dl class='gallery-item'>\n\t\t\t<dt class='gallery-icon landscape'>\n\t\t\t\t<a href='https:\/\/www.ffwschwebheim.de\/?attachment_id=4239'><img width=\"150\" height=\"150\" src=\"https:\/\/www.ffwschwebheim.de\/wp-content\/uploads\/2015\/03\/IMG-20150313-WA0013-150x150.jpg\" class=\"attachment-thumbnail size-thumbnail\" alt=\"\" decoding=\"async\" loading=\"lazy\" \/><\/a>\n\t\t\t<\/dt><\/dl><dl class='gallery-item'>\n\t\t\t<dt class='gallery-icon landscape'>\n\t\t\t\t<a href='https:\/\/www.ffwschwebheim.de\/?attachment_id=4240'><img width=\"150\" height=\"150\" src=\"https:\/\/www.ffwschwebheim.de\/wp-content\/uploads\/2015\/03\/IMG-20150313-WA0014-150x150.jpg\" class=\"attachment-thumbnail size-thumbnail\" alt=\"\" decoding=\"async\" loading=\"lazy\" \/><\/a>\n\t\t\t<\/dt><\/dl><br style=\"clear: both\" \/>\n\t\t<\/div>\n\n<h1><span style=\"font-size: medium;\">Auto prallt gegen Wasserdurchlass<\/span><\/h1>\n<div>\n<div>\n<div>\n<div id=\"ppy1\">\n<ul>\n<li><strong>(kv) Eine 19-j\u00e4hrige Autofahrerin verungl\u00fcckte am Mittwochnachmittag kurz nach 17 Uhr auf der Kreisstra\u00dfe zwischen Gernach und Heidenfeld. Das Fahrzeug kam nach Angaben der Polizei in einer leichten Linkskurve aus bislang noch ungekl\u00e4rter Ursache nach rechts von der Fahrbahn ab. Die Frau fuhr noch einige Meter im Bankett weiter, ehe ihr Fahrzeug gegen einen Wasserdurchlass prallte und dadurch hochgeschleudert wurde. Das Auto landete schlie\u00dflich auf dem Dach. Die Fahrerin erlitt mittelschwere Verletzungen, am Fahrzeug entstand Totalschaden. Die Frau wurde von zu Hilfe eilenden Verkehrsteilnehmern aus dem Wrack befreit und erstversorgt. Die Integrierte Leitstelle schickte neben dem Rettungsdienst auch die Feuerwehren aus Gernach, Unterspiesheim, R\u00f6thlein, Schwebheim, Hirschfeld und Heidenfeld zur Unfallstelle, weil zun\u00e4chst von einer eingeklemmten Person die Rede und der genaue Unfallort noch unklar war.<\/strong>\n<div id=\"detailText\">\n<p><span style=\"font-size: x-small;\">Foto: Kreisfeuerwehrverband<\/span><\/p>\n<\/div>\n<\/li>\n<\/ul>\n<p><strong><strong>Eingesetzte Fahrzeuge der FFW Schwebheim :<\/strong><\/strong><\/p>\n<ul>\n<li>Schwebheim 40\/1<\/li>\n<li>Schwebheim 88\/1<\/li>\n<li>Schwebheim 49\/1<\/li>\n<li>\n<div><strong>Weitere eingesetzten Rettungskr\u00e4fte:<\/strong><\/div>\n<\/li>\n<li>\n<div>Heidenfeld<\/div>\n<\/li>\n<li>\n<div>Gernach<\/div>\n<\/li>\n<li>\n<div>R\u00f6thlein<\/div>\n<\/li>\n<li>\n<div>Unterspiesheim<\/div>\n<\/li>\n<li>\n<div>Hirschfeld<\/div>\n<\/li>\n<\/ul>\n<p>&nbsp;<\/p>\n<p>&nbsp;<\/p>\n<p>&nbsp;<\/p>\n<\/div>\n<\/div>\n<\/div>\n<\/div>\n","protected":false},"excerpt":{"rendered":"<p>Auto prallt gegen Wasserdurchlass (kv) Eine 19-j\u00e4hrige Autofahrerin verungl\u00fcckte am Mittwochnachmittag kurz nach 17 Uhr auf der Kreisstra\u00dfe zwischen Gernach und Heidenfeld. Das Fahrzeug kam nach Angaben der Polizei in einer leichten Linkskurve aus bislang noch ungekl\u00e4rter Ursache nach rechts &hellip; <a href=\"https:\/\/www.ffwschwebheim.de\/?p=4236\">Weiterlesen <span class=\"meta-nav\">&rarr;<\/span><\/a><\/p>\n","protected":false},"author":2,"featured_media":0,"comment_status":"closed","ping_status":"open","sticky":false,"template":"","format":"standard","meta":[],"categories":[17,26],"tags":[],"_links":{"self":[{"href":"https:\/\/www.ffwschwebheim.de\/index.php?rest_route=\/wp\/v2\/posts\/4236"}],"collection":[{"href":"https:\/\/www.ffwschwebheim.de\/index.php?rest_route=\/wp\/v2\/posts"}],"about":[{"href":"https:\/\/www.ffwschwebheim.de\/index.php?rest_route=\/wp\/v2\/types\/post"}],"author":[{"embeddable":true,"href":"https:\/\/www.ffwschwebheim.de\/index.php?rest_route=\/wp\/v2\/users\/2"}],"replies":[{"embeddable":true,"href":"https:\/\/www.ffwschwebheim.de\/index.php?rest_route=%2Fwp%2Fv2%2Fcomments&post=4236"}],"version-history":[{"count":2,"href":"https:\/\/www.ffwschwebheim.de\/index.php?rest_route=\/wp\/v2\/posts\/4236\/revisions"}],"predecessor-version":[{"id":4246,"href":"https:\/\/www.ffwschwebheim.de\/index.php?rest_route=\/wp\/v2\/posts\/4236\/revisions\/4246"}],"wp:attachment":[{"href":"https:\/\/www.ffwschwebheim.de\/index.php?rest_route=%2Fwp%2Fv2%2Fmedia&parent=4236"}],"wp:term":[{"taxonomy":"category","embeddable":true,"href":"https:\/\/www.ffwschwebheim.de\/index.php?rest_route=%2Fwp%2Fv2%2Fcategories&post=4236"},{"taxonomy":"post_tag","embeddable":true,"href":"https:\/\/www.ffwschwebheim.de\/index.php?rest_route=%2Fwp%2Fv2%2Ftags&post=4236"}],"curies":[{"name":"wp","href":"https:\/\/api.w.org\/{rel}","templated":true}]}}