{"id":4115,"date":"2015-01-10T21:48:21","date_gmt":"2015-01-10T19:48:21","guid":{"rendered":"http:\/\/www.ffwschwebheim.de\/?p=4115"},"modified":"2015-01-12T21:49:03","modified_gmt":"2015-01-12T19:49:03","slug":"jahreshauptversammlung-am-samstag-10-01-2015","status":"publish","type":"post","link":"https:\/\/www.ffwschwebheim.de\/?p=4115","title":{"rendered":"Jahreshauptversammlung am Samstag, 10.01.2015"},"content":{"rendered":"<p><strong>Begr\u00fc\u00dfung<\/strong><\/p>\n<p>Der 1.Vorsitzende Martin Mai\u00df er\u00f6ffnete die Versammlung um 19:35 und begr\u00fc\u00dfte sogleich die anwesenden G\u00e4ste. Namentlich wurden begr\u00fc\u00dft der erste B\u00fcrgermeister Dr. Volker Karb, die zweite B\u00fcrgermeisterin Karin Model, die dritte B\u00fcrgermeisterin Kerstin Weingart, der Kreisbrandmeister Mirco B\u00f6hm, die Pressevertreterin Ursula Lux, der Ehrenkommandant Erich Stahn und das Ehrenmitglied Karl Meder.<\/p>\n<p>&nbsp;<\/p>\n<p><strong>Totenehrung<\/strong><\/p>\n<p>Am 21.Juni 2014 verstarb unser langj\u00e4hriges Mitglied Karl Hermann im Alter von 85 Jahren.<\/p>\n<p><em>Wir wollen ihn in guter Erinnerung behalten.<\/em><\/p>\n<p>&nbsp;<\/p>\n<p><strong>Hauptteil aktive Wehr<\/strong><\/p>\n<p>Der 1.Kommandant Harald B\u00f6hm gab einen \u00dcberblick \u00fcber das vergangene Jahr. Er hob das hohe gesellschaftliche Ansehen der Feuerwehr in der Bev\u00f6lkerung hervor und erl\u00e4uterte, dass die Feuerwehrarbeit darin besteht, sich um die Sicherheit der B\u00fcrger zu k\u00fcmmern. Weiterhin legte er dar, dass der Auftrag des Brandschutzes und der Technischen Hilfeleistung erfolgreich erf\u00fcllt werden konnte. Im Jahr 2014 konnten drei Neuzug\u00e4nge verzeichnet werden, zus\u00e4tzlich wechselten zwei Jugendliche in die aktive Wehr.<\/p>\n<p>Bei 37 Eins\u00e4tzen wurden 300 Einsatzstunden geleistet. Es wurden 19 \u00dcbungen, 2 Gemeinschafts- und 2 Alarm\u00fcbungen abgehalten. \u00dcbungsfleissigster war Michael Schubert. Dar\u00fcber hinaus wurde eine Leistungspr\u00fcfung Wasser abgehalten, bei welcher Andreas Berg die h\u00f6chste Stufe &#8222;Gold-Rot&#8220; erlangte. Zum Thema Digitalfunk konnte gesagt werden, dass die Einf\u00fchrung voran schreitet, diverse Messungen und Pr\u00fcfungen der Funkabdeckung vorgenommen wurden und geplant sei, eine gemeinschaftliche Beschaffung innerhalb der Mainbogengemeinden durchzuf\u00fchren.<\/p>\n<p>Im Anschluss gab der 2.Kommandant Christian Stahn einen detaillierten \u00dcberblick \u00fcber die bestrittenen 37 Eins\u00e4tze. Besonders erw\u00e4hnenswert war dabei der Verkehrsunfall vom 26.3.2014 auf der B286, bei dem sich ein junger Mann das Leben nahm.<\/p>\n<p><em>M\u00f6gen alle Feuerwehrfrauen und -m\u00e4nner stets gesund von ihren Eins\u00e4tzen zur\u00fcckkehren.<\/em><\/p>\n<p>Christian Stahn erl\u00e4uterte, dass er aufgrund einer beruflichen Ver\u00e4nderung nun eine Arbeitsstelle in 60km Entfernung hat, wodurch die Pr\u00e4senz bei Tageseins\u00e4tzen f\u00fcr ihn nicht mehr m\u00f6glich ist. Nach reiflicher \u00dcberlegung kam er daher zu der Entscheidung, von seinem Amt zur\u00fcckzutreten. Er sprach von den zahlreichen Eins\u00e4tzen der vergangenen 9 Jahre, manchen Schwierigen und manchen Lustigen. Dabei konnte er sich stets auf seine Mannschaft verlassen, welcher er auf jeden Fall erhalten bleiben wird.<\/p>\n<p><em>&#8222;Ich trete zur\u00fcck in&#8217;s Glied&#8220;<\/em><\/p>\n<p>Die beiden Gruppenf\u00fchrer Peter Guse und Michael Schur berichteten \u00fcber die abgehaltenen \u00dcbungen. Die Beteiligung sei gut, es erfolgte aber dennoch ein Appell, dass dies auch so bleibt. Ebenfalls gut ist der Ausbildungsstand und die hervorragende Gemeinschaft. F\u00fcr das kommende Jahr ist nach jeder \u00dcbung eine Nachbereitung vorgesehen, bei der die getrockneten Schl\u00e4uche abgeh\u00e4ngt und sonstige anfallende Arbeiten erledigt werden sollen.<\/p>\n<p>Timo Speth gab in seiner Funktion als Atemschutzgruppenf\u00fchrer einen Bericht \u00fcber die Atemschutzgruppe ab. Von 20 Ger\u00e4tetr\u00e4gern sind z.Zt. 17 einsatzbereit. Als neue Atemschutzger\u00e4tetr\u00e4ger kamen nach entsprechender Ausbildung Denis Kitke und Jonas Will dazu. Im Jahr 2014 wurden 6 Eins\u00e4tze unter Atemschutz bestritten, 4 reine Atemschutz\u00fcbungen, ein Atemschutzworkshop in Unterspiesheim und eine \u00dcbung zusammen mit der DLRG abgehalten.<\/p>\n<p>Christian Dorn, der als Jugendwart die Gruppe vor einem Jahr zusammen mit Florian Gockler \u00fcbernommen hatte erl\u00e4uterte, dass die Jugendlichen durch Ausbildung und \u00dcbungen nun auf einem einheitlichen Stand sind. Diese nahmen an der Leistungspr\u00fcfung Wasser, der Jugendleistungspr\u00fcfung und dem Wissenstest erfolgreich teil. Als Freizeitaktivit\u00e4ten wurde ein Berufsfeuerwehrtag, ein Besuch der Feuerwehrmesse in Geiselwind, ein Laser-Tag-Schie\u00dfen und ein Kartfahren unternommen. Durch Wegz\u00fcge aus Schwebheim und durch \u00dcberg\u00e4nge in die aktive Wehr ist die Anzahl der Jugendlichen auf 7 gesunken. Die Aufgabe des n\u00e4chsten Jahres besteht darin, diese durch Neuzug\u00e4nge wieder anzuheben.<\/p>\n<p>Neu aufgenommen und zum Feuerwehrmann wurden bef\u00f6rdert:<\/p>\n<ul>\n<li>Florian H\u00f6ldl<\/li>\n<li>Robert Gro\u00df<\/li>\n<li>Stefan Katzenberger<\/li>\n<\/ul>\n<p>Dienstaltersstreifen f\u00fcr 10-j\u00e4hrige Dienstzeit erhielten:<\/p>\n<ul>\n<li>Maxi Bayer<\/li>\n<li>Andreas Kr\u00e4mer<\/li>\n<li>Julian Will<\/li>\n<\/ul>\n<p>Dienstaltersstreifen f\u00fcr 30-j\u00e4hrige Dienstzeit erhielten:<\/p>\n<ul>\n<li>Ralf Schirmer<\/li>\n<li>Heinz Ro\u00dfteuscher<\/li>\n<\/ul>\n<div>Als Wahlleiter zur Neuwahl des 2.Kommandanten fungierte Dr. Volker Karb. Er hob in einer kurzen Ansprache den hohen Stellenwert der Feuerwehr in der Gemeinde hervor. Er dankte allen Wehrleuten f\u00fcr ihren Einsatz und f\u00fcr die gute Zusammenarbeit. Dem scheidenden Christian Stahn \u00fcbergab er zum Abschied ein Geschenk, bevor er die Neuwahl durchf\u00fchrte. Der als einzig vorgeschlagene Kandidat Michael Schur wurde mit 44 Ja zu 3 Nein-Stimmen gew\u00e4hlt und nahm die Wahl an.<\/div>\n<div>Zu Wort meldeten sich KBI Peter H\u00f6hn, der \u00fcber die Digitalfunkeinf\u00fchrung und das neue Ausbildungskonzept berichtete und den Einsatz der Feuerwehrleute hervorhob. Lothar Schwarz warb um neue Helfer f\u00fcr Wespen- und Hornisseneins\u00e4tze.<\/div>\n<p>&nbsp;<br \/>\n&nbsp;<\/p>\n<p><strong>Hauptteil Verein<\/strong><\/p>\n<p>Der 1.Vorsitzende Martin Mai\u00df gab einen R\u00fcckblick auf die\u00a0Veranstaltungen des Jahres 2014. Eine Abordnung der Feuerwehr hatte die Partnerfeuerwehr im \u00f6sterreichischen Poggersdorf besucht und konnte von der au\u00dfergew\u00f6hnlichen Gastlichkeit berichten. Am Rotarian-Rowdy-River-Raft-Race nahm die Feuerwehr letztes Jahr das erste mal Teil. Es konnte der 22.Platz, beim Konditionslauf in Sennfeld der 4.Platz errungen werden. Das Waddelturnier im Herbst als auch die Schlachtsch\u00fcssel waren voll ausgebucht, es mussten sogar einigen Interessenten abgesagt werden. Die Kameraden G\u00fcnther Reuther und Christian Stahn heirateten letztes Jahr, die Feuerwehr lies es sich nat\u00fcrlich nicht nehmen eine Abordnung zu entsenden und die besten Gl\u00fcckw\u00fcnsche auszusprechen. Martin Mai\u00df bedankte sich bei den Helfern f\u00fcr die geleisteten Arbeiten und erl\u00e4uterte die geplanten Aktivit\u00e4ten f\u00fcr das Jahr 2015:<\/p>\n<ul>\n<li>14.2. Faschingstanz<\/li>\n<li>2.4. Waddel-Turnier<\/li>\n<li>28.6. Teilnahme am River-Raft-Race<\/li>\n<li>1.-2.8. Feuerwehrfest<\/li>\n<li>24.10. Waddel-Turnier<\/li>\n<li>21.11. Schlachtsch\u00fcssel<\/li>\n<li>20.12. Weihnachtsessen<\/li>\n<\/ul>\n<p>Michael Schubert erl\u00e4uterte die Ein- und Ausgaben der einzelnen Veranstaltungen. Der Kassier gab einen \u00dcberblick \u00fcber die einzelnen Buchungs- und Geldbestandskonten. Es wurde ein neuer Sparbrief angelegt, leider nur mit einem marginalen Zinssatz. Er bat um Entlastung.<\/p>\n<p>Wilfried Schneider sprach f\u00fcr die beiden Kassenpr\u00fcfer und bescheinigte eine korrekte Buchf\u00fchrung. Die Versammlung stimmte der Entlastung des Vorstandes einstimmig zu.<\/p>\n<p>Da die Amtszeit des Kassenwartes abgelaufen ist, fand eine Wahl f\u00fcr dieses Amt statt. Die Satzung sieht vor, dass die Amtszeit 6 Jahre betr\u00e4gt und die Wahl nicht zwingend geheim erfolgen muss. Neben dem Amtsinhaber Michael Schubert gab es keine weiteren Vorschl\u00e4ge. Er wurde von der Versammlung mehrheitlich im Amt best\u00e4tigt.<\/p>\n<p>Thilo Spiegel melde sich zu Wort, er fragte an, ob nicht mal wieder ein Fu\u00dfballspiel mit der Gochsheimer Wehr veranstaltet werden k\u00f6nne. Der 2.Vorsitzende Richard Frey erl\u00e4uterte, dass schon die F\u00fchler Richtung Gochsheim und anderen umliegenden Wehren ausgestreckt wurden, leider ohne Erfolg. Das Thema soll im kommenden Jahr wieder angegangen werden.<\/p>\n<p>&nbsp;<\/p>\n<p><strong>Schlu\u00df<\/strong><\/p>\n<p>Da keine weiteren Wortmeldungen vorlagen, wurde die Versammlung um 22:15 Uhr geschlossen und ging in den gem\u00fctlichen Teil \u00fcber.<\/p>\n<p>&nbsp;<\/p>\n\n\t\t<style type=\"text\/css\">\n\t\t\t#gallery-1 {\n\t\t\t\tmargin: auto;\n\t\t\t}\n\t\t\t#gallery-1 .gallery-item {\n\t\t\t\tfloat: left;\n\t\t\t\tmargin-top: 10px;\n\t\t\t\ttext-align: center;\n\t\t\t\twidth: 33%;\n\t\t\t}\n\t\t\t#gallery-1 img {\n\t\t\t\tborder: 2px solid #cfcfcf;\n\t\t\t}\n\t\t\t#gallery-1 .gallery-caption {\n\t\t\t\tmargin-left: 0;\n\t\t\t}\n\t\t\t\/* see gallery_shortcode() in wp-includes\/media.php *\/\n\t\t<\/style>\n\t\t<div id='gallery-1' class='gallery galleryid-4115 gallery-columns-3 gallery-size-thumbnail'><dl class='gallery-item'>\n\t\t\t<dt class='gallery-icon landscape'>\n\t\t\t\t<a href='https:\/\/www.ffwschwebheim.de\/?attachment_id=4116'><img width=\"150\" height=\"150\" src=\"https:\/\/www.ffwschwebheim.de\/wp-content\/uploads\/2015\/01\/MBFO0006-150x150.jpg\" class=\"attachment-thumbnail size-thumbnail\" alt=\"\" decoding=\"async\" loading=\"lazy\" \/><\/a>\n\t\t\t<\/dt><\/dl><dl class='gallery-item'>\n\t\t\t<dt class='gallery-icon landscape'>\n\t\t\t\t<a href='https:\/\/www.ffwschwebheim.de\/?attachment_id=4117'><img width=\"150\" height=\"150\" src=\"https:\/\/www.ffwschwebheim.de\/wp-content\/uploads\/2015\/01\/MBFO0013-150x150.jpg\" class=\"attachment-thumbnail size-thumbnail\" alt=\"\" decoding=\"async\" loading=\"lazy\" \/><\/a>\n\t\t\t<\/dt><\/dl><dl class='gallery-item'>\n\t\t\t<dt class='gallery-icon landscape'>\n\t\t\t\t<a href='https:\/\/www.ffwschwebheim.de\/?attachment_id=4118'><img width=\"150\" height=\"150\" src=\"https:\/\/www.ffwschwebheim.de\/wp-content\/uploads\/2015\/01\/MBFO0015-150x150.jpg\" class=\"attachment-thumbnail size-thumbnail\" alt=\"\" decoding=\"async\" loading=\"lazy\" \/><\/a>\n\t\t\t<\/dt><\/dl><br style=\"clear: both\" \/><dl class='gallery-item'>\n\t\t\t<dt class='gallery-icon landscape'>\n\t\t\t\t<a href='https:\/\/www.ffwschwebheim.de\/?attachment_id=4119'><img width=\"150\" height=\"150\" src=\"https:\/\/www.ffwschwebheim.de\/wp-content\/uploads\/2015\/01\/MBFO0016-150x150.jpg\" class=\"attachment-thumbnail size-thumbnail\" alt=\"\" decoding=\"async\" loading=\"lazy\" \/><\/a>\n\t\t\t<\/dt><\/dl><dl class='gallery-item'>\n\t\t\t<dt class='gallery-icon landscape'>\n\t\t\t\t<a href='https:\/\/www.ffwschwebheim.de\/?attachment_id=4120'><img width=\"150\" height=\"150\" src=\"https:\/\/www.ffwschwebheim.de\/wp-content\/uploads\/2015\/01\/MBFO0018-150x150.jpg\" class=\"attachment-thumbnail size-thumbnail\" alt=\"\" decoding=\"async\" loading=\"lazy\" \/><\/a>\n\t\t\t<\/dt><\/dl><dl class='gallery-item'>\n\t\t\t<dt class='gallery-icon landscape'>\n\t\t\t\t<a href='https:\/\/www.ffwschwebheim.de\/?attachment_id=4121'><img width=\"150\" height=\"150\" src=\"https:\/\/www.ffwschwebheim.de\/wp-content\/uploads\/2015\/01\/MBFO0019-150x150.jpg\" class=\"attachment-thumbnail size-thumbnail\" alt=\"\" decoding=\"async\" loading=\"lazy\" \/><\/a>\n\t\t\t<\/dt><\/dl><br style=\"clear: both\" \/><dl class='gallery-item'>\n\t\t\t<dt class='gallery-icon landscape'>\n\t\t\t\t<a href='https:\/\/www.ffwschwebheim.de\/?attachment_id=4122'><img width=\"150\" height=\"150\" src=\"https:\/\/www.ffwschwebheim.de\/wp-content\/uploads\/2015\/01\/MBFO0021-150x150.jpg\" class=\"attachment-thumbnail size-thumbnail\" alt=\"\" decoding=\"async\" loading=\"lazy\" \/><\/a>\n\t\t\t<\/dt><\/dl><dl class='gallery-item'>\n\t\t\t<dt class='gallery-icon landscape'>\n\t\t\t\t<a href='https:\/\/www.ffwschwebheim.de\/?attachment_id=4123'><img width=\"150\" height=\"150\" src=\"https:\/\/www.ffwschwebheim.de\/wp-content\/uploads\/2015\/01\/MBFO0023-150x150.jpg\" class=\"attachment-thumbnail size-thumbnail\" alt=\"\" decoding=\"async\" loading=\"lazy\" \/><\/a>\n\t\t\t<\/dt><\/dl><dl class='gallery-item'>\n\t\t\t<dt class='gallery-icon landscape'>\n\t\t\t\t<a href='https:\/\/www.ffwschwebheim.de\/?attachment_id=4124'><img width=\"150\" height=\"150\" src=\"https:\/\/www.ffwschwebheim.de\/wp-content\/uploads\/2015\/01\/MBFO0026-150x150.jpg\" class=\"attachment-thumbnail size-thumbnail\" alt=\"\" decoding=\"async\" loading=\"lazy\" \/><\/a>\n\t\t\t<\/dt><\/dl><br style=\"clear: both\" \/><dl class='gallery-item'>\n\t\t\t<dt class='gallery-icon landscape'>\n\t\t\t\t<a href='https:\/\/www.ffwschwebheim.de\/?attachment_id=4125'><img width=\"150\" height=\"150\" src=\"https:\/\/www.ffwschwebheim.de\/wp-content\/uploads\/2015\/01\/MBFO0028-150x150.jpg\" class=\"attachment-thumbnail size-thumbnail\" alt=\"\" decoding=\"async\" loading=\"lazy\" \/><\/a>\n\t\t\t<\/dt><\/dl><dl class='gallery-item'>\n\t\t\t<dt class='gallery-icon landscape'>\n\t\t\t\t<a href='https:\/\/www.ffwschwebheim.de\/?attachment_id=4126'><img width=\"150\" height=\"150\" src=\"https:\/\/www.ffwschwebheim.de\/wp-content\/uploads\/2015\/01\/MBFO0030-150x150.jpg\" class=\"attachment-thumbnail size-thumbnail\" alt=\"\" decoding=\"async\" loading=\"lazy\" \/><\/a>\n\t\t\t<\/dt><\/dl><dl class='gallery-item'>\n\t\t\t<dt class='gallery-icon landscape'>\n\t\t\t\t<a href='https:\/\/www.ffwschwebheim.de\/?attachment_id=4127'><img width=\"150\" height=\"150\" src=\"https:\/\/www.ffwschwebheim.de\/wp-content\/uploads\/2015\/01\/MBFO0031-150x150.jpg\" class=\"attachment-thumbnail size-thumbnail\" alt=\"\" decoding=\"async\" loading=\"lazy\" \/><\/a>\n\t\t\t<\/dt><\/dl><br style=\"clear: both\" \/><dl class='gallery-item'>\n\t\t\t<dt class='gallery-icon landscape'>\n\t\t\t\t<a href='https:\/\/www.ffwschwebheim.de\/?attachment_id=4128'><img width=\"150\" height=\"150\" src=\"https:\/\/www.ffwschwebheim.de\/wp-content\/uploads\/2015\/01\/MBFO0033-150x150.jpg\" class=\"attachment-thumbnail size-thumbnail\" alt=\"\" decoding=\"async\" loading=\"lazy\" \/><\/a>\n\t\t\t<\/dt><\/dl><dl class='gallery-item'>\n\t\t\t<dt class='gallery-icon landscape'>\n\t\t\t\t<a href='https:\/\/www.ffwschwebheim.de\/?attachment_id=4129'><img width=\"150\" height=\"150\" src=\"https:\/\/www.ffwschwebheim.de\/wp-content\/uploads\/2015\/01\/MBFO0034-150x150.jpg\" class=\"attachment-thumbnail size-thumbnail\" alt=\"\" decoding=\"async\" loading=\"lazy\" \/><\/a>\n\t\t\t<\/dt><\/dl><dl class='gallery-item'>\n\t\t\t<dt class='gallery-icon landscape'>\n\t\t\t\t<a href='https:\/\/www.ffwschwebheim.de\/?attachment_id=4130'><img width=\"150\" height=\"150\" src=\"https:\/\/www.ffwschwebheim.de\/wp-content\/uploads\/2015\/01\/MBFO0037-150x150.jpg\" class=\"attachment-thumbnail size-thumbnail\" alt=\"\" decoding=\"async\" loading=\"lazy\" \/><\/a>\n\t\t\t<\/dt><\/dl><br style=\"clear: both\" \/><dl class='gallery-item'>\n\t\t\t<dt class='gallery-icon landscape'>\n\t\t\t\t<a href='https:\/\/www.ffwschwebheim.de\/?attachment_id=4131'><img width=\"150\" height=\"150\" src=\"https:\/\/www.ffwschwebheim.de\/wp-content\/uploads\/2015\/01\/MBFO0038-150x150.jpg\" class=\"attachment-thumbnail size-thumbnail\" alt=\"\" decoding=\"async\" loading=\"lazy\" \/><\/a>\n\t\t\t<\/dt><\/dl><dl class='gallery-item'>\n\t\t\t<dt class='gallery-icon landscape'>\n\t\t\t\t<a href='https:\/\/www.ffwschwebheim.de\/?attachment_id=4132'><img width=\"150\" height=\"150\" src=\"https:\/\/www.ffwschwebheim.de\/wp-content\/uploads\/2015\/01\/MBFO0040-150x150.jpg\" class=\"attachment-thumbnail size-thumbnail\" alt=\"\" decoding=\"async\" loading=\"lazy\" \/><\/a>\n\t\t\t<\/dt><\/dl><dl class='gallery-item'>\n\t\t\t<dt class='gallery-icon landscape'>\n\t\t\t\t<a href='https:\/\/www.ffwschwebheim.de\/?attachment_id=4133'><img width=\"150\" height=\"150\" src=\"https:\/\/www.ffwschwebheim.de\/wp-content\/uploads\/2015\/01\/MBFO0041-150x150.jpg\" class=\"attachment-thumbnail size-thumbnail\" alt=\"\" decoding=\"async\" loading=\"lazy\" \/><\/a>\n\t\t\t<\/dt><\/dl><br style=\"clear: both\" \/><dl class='gallery-item'>\n\t\t\t<dt class='gallery-icon landscape'>\n\t\t\t\t<a href='https:\/\/www.ffwschwebheim.de\/?attachment_id=4134'><img width=\"150\" height=\"150\" src=\"https:\/\/www.ffwschwebheim.de\/wp-content\/uploads\/2015\/01\/MBFO0042-150x150.jpg\" class=\"attachment-thumbnail size-thumbnail\" alt=\"\" decoding=\"async\" loading=\"lazy\" \/><\/a>\n\t\t\t<\/dt><\/dl><dl class='gallery-item'>\n\t\t\t<dt class='gallery-icon landscape'>\n\t\t\t\t<a href='https:\/\/www.ffwschwebheim.de\/?attachment_id=4135'><img width=\"150\" height=\"150\" src=\"https:\/\/www.ffwschwebheim.de\/wp-content\/uploads\/2015\/01\/MBFO0043-150x150.jpg\" class=\"attachment-thumbnail size-thumbnail\" alt=\"\" decoding=\"async\" loading=\"lazy\" \/><\/a>\n\t\t\t<\/dt><\/dl><dl class='gallery-item'>\n\t\t\t<dt class='gallery-icon landscape'>\n\t\t\t\t<a href='https:\/\/www.ffwschwebheim.de\/?attachment_id=4136'><img width=\"150\" height=\"150\" src=\"https:\/\/www.ffwschwebheim.de\/wp-content\/uploads\/2015\/01\/MBFO0044-150x150.jpg\" class=\"attachment-thumbnail size-thumbnail\" alt=\"\" decoding=\"async\" loading=\"lazy\" \/><\/a>\n\t\t\t<\/dt><\/dl><br style=\"clear: both\" \/><dl class='gallery-item'>\n\t\t\t<dt class='gallery-icon landscape'>\n\t\t\t\t<a href='https:\/\/www.ffwschwebheim.de\/?attachment_id=4137'><img width=\"150\" height=\"150\" src=\"https:\/\/www.ffwschwebheim.de\/wp-content\/uploads\/2015\/01\/MBFO0049-150x150.jpg\" class=\"attachment-thumbnail size-thumbnail\" alt=\"\" decoding=\"async\" loading=\"lazy\" \/><\/a>\n\t\t\t<\/dt><\/dl><dl class='gallery-item'>\n\t\t\t<dt class='gallery-icon landscape'>\n\t\t\t\t<a href='https:\/\/www.ffwschwebheim.de\/?attachment_id=4138'><img width=\"150\" height=\"150\" src=\"https:\/\/www.ffwschwebheim.de\/wp-content\/uploads\/2015\/01\/MBFO0053-150x150.jpg\" class=\"attachment-thumbnail size-thumbnail\" alt=\"\" decoding=\"async\" loading=\"lazy\" \/><\/a>\n\t\t\t<\/dt><\/dl><dl class='gallery-item'>\n\t\t\t<dt class='gallery-icon landscape'>\n\t\t\t\t<a href='https:\/\/www.ffwschwebheim.de\/?attachment_id=4139'><img width=\"150\" height=\"150\" src=\"https:\/\/www.ffwschwebheim.de\/wp-content\/uploads\/2015\/01\/MBFO0054-150x150.jpg\" class=\"attachment-thumbnail size-thumbnail\" alt=\"\" decoding=\"async\" loading=\"lazy\" \/><\/a>\n\t\t\t<\/dt><\/dl><br style=\"clear: both\" \/><dl class='gallery-item'>\n\t\t\t<dt class='gallery-icon landscape'>\n\t\t\t\t<a href='https:\/\/www.ffwschwebheim.de\/?attachment_id=4140'><img width=\"150\" height=\"150\" src=\"https:\/\/www.ffwschwebheim.de\/wp-content\/uploads\/2015\/01\/MBFO0055-150x150.jpg\" class=\"attachment-thumbnail size-thumbnail\" alt=\"\" decoding=\"async\" loading=\"lazy\" \/><\/a>\n\t\t\t<\/dt><\/dl><dl class='gallery-item'>\n\t\t\t<dt class='gallery-icon landscape'>\n\t\t\t\t<a href='https:\/\/www.ffwschwebheim.de\/?attachment_id=4141'><img width=\"150\" height=\"150\" src=\"https:\/\/www.ffwschwebheim.de\/wp-content\/uploads\/2015\/01\/MBFO0057-150x150.jpg\" class=\"attachment-thumbnail size-thumbnail\" alt=\"\" decoding=\"async\" loading=\"lazy\" \/><\/a>\n\t\t\t<\/dt><\/dl><dl class='gallery-item'>\n\t\t\t<dt class='gallery-icon landscape'>\n\t\t\t\t<a href='https:\/\/www.ffwschwebheim.de\/?attachment_id=4142'><img width=\"150\" height=\"150\" src=\"https:\/\/www.ffwschwebheim.de\/wp-content\/uploads\/2015\/01\/MBFO0058-150x150.jpg\" class=\"attachment-thumbnail size-thumbnail\" alt=\"\" decoding=\"async\" loading=\"lazy\" \/><\/a>\n\t\t\t<\/dt><\/dl><br style=\"clear: both\" \/><dl class='gallery-item'>\n\t\t\t<dt class='gallery-icon landscape'>\n\t\t\t\t<a href='https:\/\/www.ffwschwebheim.de\/?attachment_id=4143'><img width=\"150\" height=\"150\" src=\"https:\/\/www.ffwschwebheim.de\/wp-content\/uploads\/2015\/01\/MBFO0059-150x150.jpg\" class=\"attachment-thumbnail size-thumbnail\" alt=\"\" decoding=\"async\" loading=\"lazy\" \/><\/a>\n\t\t\t<\/dt><\/dl><dl class='gallery-item'>\n\t\t\t<dt class='gallery-icon landscape'>\n\t\t\t\t<a href='https:\/\/www.ffwschwebheim.de\/?attachment_id=4144'><img width=\"150\" height=\"150\" src=\"https:\/\/www.ffwschwebheim.de\/wp-content\/uploads\/2015\/01\/MBFO0061-150x150.jpg\" class=\"attachment-thumbnail size-thumbnail\" alt=\"\" decoding=\"async\" loading=\"lazy\" \/><\/a>\n\t\t\t<\/dt><\/dl><dl class='gallery-item'>\n\t\t\t<dt class='gallery-icon landscape'>\n\t\t\t\t<a href='https:\/\/www.ffwschwebheim.de\/?attachment_id=4145'><img width=\"150\" height=\"150\" src=\"https:\/\/www.ffwschwebheim.de\/wp-content\/uploads\/2015\/01\/MBFO0062-150x150.jpg\" class=\"attachment-thumbnail size-thumbnail\" alt=\"\" decoding=\"async\" loading=\"lazy\" \/><\/a>\n\t\t\t<\/dt><\/dl><br style=\"clear: both\" \/><dl class='gallery-item'>\n\t\t\t<dt class='gallery-icon landscape'>\n\t\t\t\t<a href='https:\/\/www.ffwschwebheim.de\/?attachment_id=4146'><img width=\"150\" height=\"150\" src=\"https:\/\/www.ffwschwebheim.de\/wp-content\/uploads\/2015\/01\/MBFO0063-150x150.jpg\" class=\"attachment-thumbnail size-thumbnail\" alt=\"\" decoding=\"async\" loading=\"lazy\" \/><\/a>\n\t\t\t<\/dt><\/dl><dl class='gallery-item'>\n\t\t\t<dt class='gallery-icon landscape'>\n\t\t\t\t<a href='https:\/\/www.ffwschwebheim.de\/?attachment_id=4147'><img width=\"150\" height=\"150\" src=\"https:\/\/www.ffwschwebheim.de\/wp-content\/uploads\/2015\/01\/MBFO0064-150x150.jpg\" class=\"attachment-thumbnail size-thumbnail\" alt=\"\" decoding=\"async\" loading=\"lazy\" \/><\/a>\n\t\t\t<\/dt><\/dl><dl class='gallery-item'>\n\t\t\t<dt class='gallery-icon landscape'>\n\t\t\t\t<a href='https:\/\/www.ffwschwebheim.de\/?attachment_id=4148'><img width=\"150\" height=\"150\" src=\"https:\/\/www.ffwschwebheim.de\/wp-content\/uploads\/2015\/01\/MBFO0065-150x150.jpg\" class=\"attachment-thumbnail size-thumbnail\" alt=\"\" decoding=\"async\" loading=\"lazy\" \/><\/a>\n\t\t\t<\/dt><\/dl><br style=\"clear: both\" \/><dl class='gallery-item'>\n\t\t\t<dt class='gallery-icon landscape'>\n\t\t\t\t<a href='https:\/\/www.ffwschwebheim.de\/?attachment_id=4149'><img width=\"150\" height=\"150\" src=\"https:\/\/www.ffwschwebheim.de\/wp-content\/uploads\/2015\/01\/MBFO0066-150x150.jpg\" class=\"attachment-thumbnail size-thumbnail\" alt=\"\" decoding=\"async\" loading=\"lazy\" \/><\/a>\n\t\t\t<\/dt><\/dl><dl class='gallery-item'>\n\t\t\t<dt class='gallery-icon landscape'>\n\t\t\t\t<a href='https:\/\/www.ffwschwebheim.de\/?attachment_id=4150'><img width=\"150\" height=\"150\" src=\"https:\/\/www.ffwschwebheim.de\/wp-content\/uploads\/2015\/01\/MBFO0069-150x150.jpg\" class=\"attachment-thumbnail size-thumbnail\" alt=\"\" decoding=\"async\" loading=\"lazy\" \/><\/a>\n\t\t\t<\/dt><\/dl><dl class='gallery-item'>\n\t\t\t<dt class='gallery-icon landscape'>\n\t\t\t\t<a href='https:\/\/www.ffwschwebheim.de\/?attachment_id=4151'><img width=\"150\" height=\"150\" src=\"https:\/\/www.ffwschwebheim.de\/wp-content\/uploads\/2015\/01\/MBFO0072-150x150.jpg\" class=\"attachment-thumbnail size-thumbnail\" alt=\"\" decoding=\"async\" loading=\"lazy\" \/><\/a>\n\t\t\t<\/dt><\/dl><br style=\"clear: both\" \/><dl class='gallery-item'>\n\t\t\t<dt class='gallery-icon landscape'>\n\t\t\t\t<a href='https:\/\/www.ffwschwebheim.de\/?attachment_id=4152'><img width=\"150\" height=\"150\" src=\"https:\/\/www.ffwschwebheim.de\/wp-content\/uploads\/2015\/01\/MBFO0073-150x150.jpg\" class=\"attachment-thumbnail size-thumbnail\" alt=\"\" decoding=\"async\" loading=\"lazy\" \/><\/a>\n\t\t\t<\/dt><\/dl><dl class='gallery-item'>\n\t\t\t<dt class='gallery-icon landscape'>\n\t\t\t\t<a href='https:\/\/www.ffwschwebheim.de\/?attachment_id=4153'><img width=\"150\" height=\"150\" src=\"https:\/\/www.ffwschwebheim.de\/wp-content\/uploads\/2015\/01\/MBFO0074-150x150.jpg\" class=\"attachment-thumbnail size-thumbnail\" alt=\"\" decoding=\"async\" loading=\"lazy\" \/><\/a>\n\t\t\t<\/dt><\/dl><dl class='gallery-item'>\n\t\t\t<dt class='gallery-icon landscape'>\n\t\t\t\t<a href='https:\/\/www.ffwschwebheim.de\/?attachment_id=4154'><img width=\"150\" height=\"150\" src=\"https:\/\/www.ffwschwebheim.de\/wp-content\/uploads\/2015\/01\/MBFO0075-150x150.jpg\" class=\"attachment-thumbnail size-thumbnail\" alt=\"\" decoding=\"async\" loading=\"lazy\" \/><\/a>\n\t\t\t<\/dt><\/dl><br style=\"clear: both\" \/><dl class='gallery-item'>\n\t\t\t<dt class='gallery-icon landscape'>\n\t\t\t\t<a href='https:\/\/www.ffwschwebheim.de\/?attachment_id=4155'><img width=\"150\" height=\"150\" src=\"https:\/\/www.ffwschwebheim.de\/wp-content\/uploads\/2015\/01\/MBFO0078-150x150.jpg\" class=\"attachment-thumbnail size-thumbnail\" alt=\"\" decoding=\"async\" loading=\"lazy\" \/><\/a>\n\t\t\t<\/dt><\/dl><dl class='gallery-item'>\n\t\t\t<dt class='gallery-icon landscape'>\n\t\t\t\t<a href='https:\/\/www.ffwschwebheim.de\/?attachment_id=4156'><img width=\"150\" height=\"150\" src=\"https:\/\/www.ffwschwebheim.de\/wp-content\/uploads\/2015\/01\/MBFO0079-150x150.jpg\" class=\"attachment-thumbnail size-thumbnail\" alt=\"\" decoding=\"async\" loading=\"lazy\" \/><\/a>\n\t\t\t<\/dt><\/dl><dl class='gallery-item'>\n\t\t\t<dt class='gallery-icon landscape'>\n\t\t\t\t<a href='https:\/\/www.ffwschwebheim.de\/?attachment_id=4157'><img width=\"150\" height=\"150\" src=\"https:\/\/www.ffwschwebheim.de\/wp-content\/uploads\/2015\/01\/MBFO0082-150x150.jpg\" class=\"attachment-thumbnail size-thumbnail\" alt=\"\" decoding=\"async\" loading=\"lazy\" \/><\/a>\n\t\t\t<\/dt><\/dl><br style=\"clear: both\" \/><dl class='gallery-item'>\n\t\t\t<dt class='gallery-icon landscape'>\n\t\t\t\t<a href='https:\/\/www.ffwschwebheim.de\/?attachment_id=4158'><img width=\"150\" height=\"150\" src=\"https:\/\/www.ffwschwebheim.de\/wp-content\/uploads\/2015\/01\/MBFO0085-150x150.jpg\" class=\"attachment-thumbnail size-thumbnail\" alt=\"\" decoding=\"async\" loading=\"lazy\" \/><\/a>\n\t\t\t<\/dt><\/dl><dl class='gallery-item'>\n\t\t\t<dt class='gallery-icon landscape'>\n\t\t\t\t<a href='https:\/\/www.ffwschwebheim.de\/?attachment_id=4159'><img width=\"150\" height=\"150\" src=\"https:\/\/www.ffwschwebheim.de\/wp-content\/uploads\/2015\/01\/MBFO0088-150x150.jpg\" class=\"attachment-thumbnail size-thumbnail\" alt=\"\" decoding=\"async\" loading=\"lazy\" \/><\/a>\n\t\t\t<\/dt><\/dl><dl class='gallery-item'>\n\t\t\t<dt class='gallery-icon landscape'>\n\t\t\t\t<a href='https:\/\/www.ffwschwebheim.de\/?attachment_id=4160'><img width=\"150\" height=\"150\" src=\"https:\/\/www.ffwschwebheim.de\/wp-content\/uploads\/2015\/01\/MBFO0091-150x150.jpg\" class=\"attachment-thumbnail size-thumbnail\" alt=\"\" decoding=\"async\" loading=\"lazy\" \/><\/a>\n\t\t\t<\/dt><\/dl><br style=\"clear: both\" \/><dl class='gallery-item'>\n\t\t\t<dt class='gallery-icon landscape'>\n\t\t\t\t<a href='https:\/\/www.ffwschwebheim.de\/?attachment_id=4161'><img width=\"150\" height=\"150\" src=\"https:\/\/www.ffwschwebheim.de\/wp-content\/uploads\/2015\/01\/MBFO0092-150x150.jpg\" class=\"attachment-thumbnail size-thumbnail\" alt=\"\" decoding=\"async\" loading=\"lazy\" \/><\/a>\n\t\t\t<\/dt><\/dl><dl class='gallery-item'>\n\t\t\t<dt class='gallery-icon landscape'>\n\t\t\t\t<a href='https:\/\/www.ffwschwebheim.de\/?attachment_id=4162'><img width=\"150\" height=\"150\" src=\"https:\/\/www.ffwschwebheim.de\/wp-content\/uploads\/2015\/01\/MBFO0094-150x150.jpg\" class=\"attachment-thumbnail size-thumbnail\" alt=\"\" decoding=\"async\" loading=\"lazy\" \/><\/a>\n\t\t\t<\/dt><\/dl><dl class='gallery-item'>\n\t\t\t<dt class='gallery-icon landscape'>\n\t\t\t\t<a href='https:\/\/www.ffwschwebheim.de\/?attachment_id=4163'><img width=\"150\" height=\"150\" src=\"https:\/\/www.ffwschwebheim.de\/wp-content\/uploads\/2015\/01\/MBFO0095-150x150.jpg\" class=\"attachment-thumbnail size-thumbnail\" alt=\"\" decoding=\"async\" loading=\"lazy\" \/><\/a>\n\t\t\t<\/dt><\/dl><br style=\"clear: both\" \/><dl class='gallery-item'>\n\t\t\t<dt class='gallery-icon landscape'>\n\t\t\t\t<a href='https:\/\/www.ffwschwebheim.de\/?attachment_id=4164'><img width=\"150\" height=\"150\" src=\"https:\/\/www.ffwschwebheim.de\/wp-content\/uploads\/2015\/01\/MBFO0098-150x150.jpg\" class=\"attachment-thumbnail size-thumbnail\" alt=\"\" decoding=\"async\" loading=\"lazy\" \/><\/a>\n\t\t\t<\/dt><\/dl>\n\t\t\t<br style='clear: both' \/>\n\t\t<\/div>\n\n","protected":false},"excerpt":{"rendered":"<p>Begr\u00fc\u00dfung Der 1.Vorsitzende Martin Mai\u00df er\u00f6ffnete die Versammlung um 19:35 und begr\u00fc\u00dfte sogleich die anwesenden G\u00e4ste. Namentlich wurden begr\u00fc\u00dft der erste B\u00fcrgermeister Dr. Volker Karb, die zweite B\u00fcrgermeisterin Karin Model, die dritte B\u00fcrgermeisterin Kerstin Weingart, der Kreisbrandmeister Mirco B\u00f6hm, die &hellip; <a href=\"https:\/\/www.ffwschwebheim.de\/?p=4115\">Weiterlesen <span class=\"meta-nav\">&rarr;<\/span><\/a><\/p>\n","protected":false},"author":3,"featured_media":0,"comment_status":"closed","ping_status":"open","sticky":false,"template":"","format":"standard","meta":[],"categories":[27,21],"tags":[],"_links":{"self":[{"href":"https:\/\/www.ffwschwebheim.de\/index.php?rest_route=\/wp\/v2\/posts\/4115"}],"collection":[{"href":"https:\/\/www.ffwschwebheim.de\/index.php?rest_route=\/wp\/v2\/posts"}],"about":[{"href":"https:\/\/www.ffwschwebheim.de\/index.php?rest_route=\/wp\/v2\/types\/post"}],"author":[{"embeddable":true,"href":"https:\/\/www.ffwschwebheim.de\/index.php?rest_route=\/wp\/v2\/users\/3"}],"replies":[{"embeddable":true,"href":"https:\/\/www.ffwschwebheim.de\/index.php?rest_route=%2Fwp%2Fv2%2Fcomments&post=4115"}],"version-history":[{"count":9,"href":"https:\/\/www.ffwschwebheim.de\/index.php?rest_route=\/wp\/v2\/posts\/4115\/revisions"}],"predecessor-version":[{"id":4178,"href":"https:\/\/www.ffwschwebheim.de\/index.php?rest_route=\/wp\/v2\/posts\/4115\/revisions\/4178"}],"wp:attachment":[{"href":"https:\/\/www.ffwschwebheim.de\/index.php?rest_route=%2Fwp%2Fv2%2Fmedia&parent=4115"}],"wp:term":[{"taxonomy":"category","embeddable":true,"href":"https:\/\/www.ffwschwebheim.de\/index.php?rest_route=%2Fwp%2Fv2%2Fcategories&post=4115"},{"taxonomy":"post_tag","embeddable":true,"href":"https:\/\/www.ffwschwebheim.de\/index.php?rest_route=%2Fwp%2Fv2%2Ftags&post=4115"}],"curies":[{"name":"wp","href":"https:\/\/api.w.org\/{rel}","templated":true}]}}