{"id":3630,"date":"2014-06-03T16:58:41","date_gmt":"2014-06-03T14:58:41","guid":{"rendered":"http:\/\/www.ffwschwebheim.de\/?p=3630"},"modified":"2014-06-04T09:14:38","modified_gmt":"2014-06-04T07:14:38","slug":"19-einsatz-traktor-brand-im-wald-bei-gernach-am-03-05-2014-um-1631-uhr","status":"publish","type":"post","link":"https:\/\/www.ffwschwebheim.de\/?p=3630","title":{"rendered":"19.Einsatz  Traktor-Brand im Wald bei Gernach am 03.05.2014 um 16:31 Uhr"},"content":{"rendered":"\n\t\t<style type=\"text\/css\">\n\t\t\t#gallery-1 {\n\t\t\t\tmargin: auto;\n\t\t\t}\n\t\t\t#gallery-1 .gallery-item {\n\t\t\t\tfloat: left;\n\t\t\t\tmargin-top: 10px;\n\t\t\t\ttext-align: center;\n\t\t\t\twidth: 25%;\n\t\t\t}\n\t\t\t#gallery-1 img {\n\t\t\t\tborder: 2px solid #cfcfcf;\n\t\t\t}\n\t\t\t#gallery-1 .gallery-caption {\n\t\t\t\tmargin-left: 0;\n\t\t\t}\n\t\t\t\/* see gallery_shortcode() in wp-includes\/media.php *\/\n\t\t<\/style>\n\t\t<div id='gallery-1' class='gallery galleryid-3630 gallery-columns-4 gallery-size-thumbnail'><dl class='gallery-item'>\n\t\t\t<dt class='gallery-icon landscape'>\n\t\t\t\t<a href='https:\/\/www.ffwschwebheim.de\/?attachment_id=3631'><img width=\"150\" height=\"150\" src=\"https:\/\/www.ffwschwebheim.de\/wp-content\/uploads\/2014\/06\/01-150x150.jpg\" class=\"attachment-thumbnail size-thumbnail\" alt=\"\" decoding=\"async\" loading=\"lazy\" \/><\/a>\n\t\t\t<\/dt><\/dl><dl class='gallery-item'>\n\t\t\t<dt class='gallery-icon landscape'>\n\t\t\t\t<a href='https:\/\/www.ffwschwebheim.de\/?attachment_id=3632'><img width=\"150\" height=\"150\" src=\"https:\/\/www.ffwschwebheim.de\/wp-content\/uploads\/2014\/06\/02-150x150.jpg\" class=\"attachment-thumbnail size-thumbnail\" alt=\"\" decoding=\"async\" loading=\"lazy\" \/><\/a>\n\t\t\t<\/dt><\/dl><dl class='gallery-item'>\n\t\t\t<dt class='gallery-icon landscape'>\n\t\t\t\t<a href='https:\/\/www.ffwschwebheim.de\/?attachment_id=3633'><img width=\"150\" height=\"150\" src=\"https:\/\/www.ffwschwebheim.de\/wp-content\/uploads\/2014\/06\/03-150x150.jpg\" class=\"attachment-thumbnail size-thumbnail\" alt=\"\" decoding=\"async\" loading=\"lazy\" \/><\/a>\n\t\t\t<\/dt><\/dl><dl class='gallery-item'>\n\t\t\t<dt class='gallery-icon portrait'>\n\t\t\t\t<a href='https:\/\/www.ffwschwebheim.de\/?attachment_id=3634'><img width=\"150\" height=\"150\" src=\"https:\/\/www.ffwschwebheim.de\/wp-content\/uploads\/2014\/06\/04-150x150.jpg\" class=\"attachment-thumbnail size-thumbnail\" alt=\"\" decoding=\"async\" loading=\"lazy\" \/><\/a>\n\t\t\t<\/dt><\/dl><br style=\"clear: both\" \/>\n\t\t<\/div>\n\n<p><strong>Gernach<\/strong> \u2013 Zu einem Brand einer landwirtschaftlichen Maschine in einem Waldgebiet bei Gernach wurden heute die Feuerwehren Gernach, R\u00f6thlein, Schwebheim, Unterspiesheim und Gaibach alarmiert. Durch das rasche Eingreifen der alarmierten Feuerwehren konnte schlimmeres verhindert werden. Ein Problem stellte die Einsatzstelle dennoch f\u00fcr die Brandsch\u00fctzer dar. Da sie mit den L\u00f6schfahrzeugen nicht unmittelbar zur Einsatzstelle vorr\u00fccken konnten, wurde eine lange Schlauchstrecke bis zum Brandherd gelegt. Des Weiteren wurde f\u00fcr die Sicherstellung des L\u00f6schwassers ein Pendelverkehr der L\u00f6schfahrzeuge an der Einsatzstelle eingerichtet. Bei den L\u00f6scharbeiten verletzte sich ein Feuerwehrmann leicht, er wurde durch den Rettungsdienst versorgt und in ein umliegendes Krankenhaus eingeliefert.<\/p>\n<p><span style=\"font-size: x-small;\">Quelle: KFV-SW<\/span><\/p>\n<p><strong>Eingesetzte Fahrzeuge der FFW Schwebheim :<\/strong><\/p>\n<ul>\n<li>Schwebheim 40\/1<\/li>\n<li>Schwebheim 88\/1\n<div><strong><\/strong><strong>Weitere eingesetzten Rettungskr\u00e4fte:<\/strong><\/div>\n<\/li>\n<li>Gernach 44\/1<\/li>\n<li>Gaibach 47\/1<\/li>\n<li>R\u00f6thlein 40\/1<\/li>\n<li>R\u00f6thlein 43\/1<\/li>\n<li>Unterspiesheim 10\/1<\/li>\n<li>Unterspiesheim 11\/1<\/li>\n<li>Unterspiesheim 40\/1<\/li>\n<li>Schweinfurt Land 4\/4<\/li>\n<li>Schweinfurt Land 3\/2<\/li>\n<li>Schweinfurt Land 3<\/li>\n<\/ul>\n","protected":false},"excerpt":{"rendered":"<p>Gernach \u2013 Zu einem Brand einer landwirtschaftlichen Maschine in einem Waldgebiet bei Gernach wurden heute die Feuerwehren Gernach, R\u00f6thlein, Schwebheim, Unterspiesheim und Gaibach alarmiert. Durch das rasche Eingreifen der alarmierten Feuerwehren konnte schlimmeres verhindert werden. Ein Problem stellte die Einsatzstelle &hellip; <a href=\"https:\/\/www.ffwschwebheim.de\/?p=3630\">Weiterlesen <span class=\"meta-nav\">&rarr;<\/span><\/a><\/p>\n","protected":false},"author":2,"featured_media":0,"comment_status":"closed","ping_status":"open","sticky":false,"template":"","format":"standard","meta":[],"categories":[17,24],"tags":[],"_links":{"self":[{"href":"https:\/\/www.ffwschwebheim.de\/index.php?rest_route=\/wp\/v2\/posts\/3630"}],"collection":[{"href":"https:\/\/www.ffwschwebheim.de\/index.php?rest_route=\/wp\/v2\/posts"}],"about":[{"href":"https:\/\/www.ffwschwebheim.de\/index.php?rest_route=\/wp\/v2\/types\/post"}],"author":[{"embeddable":true,"href":"https:\/\/www.ffwschwebheim.de\/index.php?rest_route=\/wp\/v2\/users\/2"}],"replies":[{"embeddable":true,"href":"https:\/\/www.ffwschwebheim.de\/index.php?rest_route=%2Fwp%2Fv2%2Fcomments&post=3630"}],"version-history":[{"count":2,"href":"https:\/\/www.ffwschwebheim.de\/index.php?rest_route=\/wp\/v2\/posts\/3630\/revisions"}],"predecessor-version":[{"id":3636,"href":"https:\/\/www.ffwschwebheim.de\/index.php?rest_route=\/wp\/v2\/posts\/3630\/revisions\/3636"}],"wp:attachment":[{"href":"https:\/\/www.ffwschwebheim.de\/index.php?rest_route=%2Fwp%2Fv2%2Fmedia&parent=3630"}],"wp:term":[{"taxonomy":"category","embeddable":true,"href":"https:\/\/www.ffwschwebheim.de\/index.php?rest_route=%2Fwp%2Fv2%2Fcategories&post=3630"},{"taxonomy":"post_tag","embeddable":true,"href":"https:\/\/www.ffwschwebheim.de\/index.php?rest_route=%2Fwp%2Fv2%2Ftags&post=3630"}],"curies":[{"name":"wp","href":"https:\/\/api.w.org\/{rel}","templated":true}]}}