{"id":8794,"date":"2021-08-14T10:07:00","date_gmt":"2021-08-14T08:07:00","guid":{"rendered":"http:\/\/www.ffwschwebheim.de\/?p=8794"},"modified":"2022-03-04T10:13:29","modified_gmt":"2022-03-04T08:13:29","slug":"35-einsatz-strasse-reinigen-am-freitag-13-08-2021-um-1554-uhr","status":"publish","type":"post","link":"http:\/\/www.ffwschwebheim.de\/?p=8794","title":{"rendered":"35. Einsatz: Stra\u00dfe reinigen am Freitag, 13.08.2021 um 15:54 Uhr"},"content":{"rendered":"\n<p>Am Freitag den 13.08.2021 wurden wir um 15:54 Uhr zu einer verunreinigten Stra\u00dfe alarmiert. Wir sicherten den Verkehr und beseitigten die Verunreinigung. <\/p>\n\n\n\n<p>Alarmierung \u00fcber:<\/p>\n\n\n\n<ul><li>Funkmeldeempf\u00e4nger <\/li><li>Handyalarmierung<\/li><\/ul>\n\n\n\n<p>Eingesetzte Kr\u00e4fte: <\/p>\n\n\n\n<ul><li>Florian Schwebheim 44\/1<\/li><li>Polizei<\/li><\/ul>\n","protected":false},"excerpt":{"rendered":"<p>Am Freitag den 13.08.2021 wurden wir um 15:54 Uhr zu einer verunreinigten Stra\u00dfe alarmiert. Wir sicherten den Verkehr und beseitigten die Verunreinigung. Alarmierung \u00fcber: Funkmeldeempf\u00e4nger Handyalarmierung Eingesetzte Kr\u00e4fte: Florian Schwebheim 44\/1 Polizei<\/p>\n","protected":false},"author":4,"featured_media":0,"comment_status":"closed","ping_status":"open","sticky":false,"template":"","format":"standard","meta":[],"categories":[17,38],"tags":[],"_links":{"self":[{"href":"http:\/\/www.ffwschwebheim.de\/index.php?rest_route=\/wp\/v2\/posts\/8794"}],"collection":[{"href":"http:\/\/www.ffwschwebheim.de\/index.php?rest_route=\/wp\/v2\/posts"}],"about":[{"href":"http:\/\/www.ffwschwebheim.de\/index.php?rest_route=\/wp\/v2\/types\/post"}],"author":[{"embeddable":true,"href":"http:\/\/www.ffwschwebheim.de\/index.php?rest_route=\/wp\/v2\/users\/4"}],"replies":[{"embeddable":true,"href":"http:\/\/www.ffwschwebheim.de\/index.php?rest_route=%2Fwp%2Fv2%2Fcomments&post=8794"}],"version-history":[{"count":1,"href":"http:\/\/www.ffwschwebheim.de\/index.php?rest_route=\/wp\/v2\/posts\/8794\/revisions"}],"predecessor-version":[{"id":8795,"href":"http:\/\/www.ffwschwebheim.de\/index.php?rest_route=\/wp\/v2\/posts\/8794\/revisions\/8795"}],"wp:attachment":[{"href":"http:\/\/www.ffwschwebheim.de\/index.php?rest_route=%2Fwp%2Fv2%2Fmedia&parent=8794"}],"wp:term":[{"taxonomy":"category","embeddable":true,"href":"http:\/\/www.ffwschwebheim.de\/index.php?rest_route=%2Fwp%2Fv2%2Fcategories&post=8794"},{"taxonomy":"post_tag","embeddable":true,"href":"http:\/\/www.ffwschwebheim.de\/index.php?rest_route=%2Fwp%2Fv2%2Ftags&post=8794"}],"curies":[{"name":"wp","href":"https:\/\/api.w.org\/{rel}","templated":true}]}}