{"id":8630,"date":"2021-02-02T16:12:00","date_gmt":"2021-02-02T14:12:00","guid":{"rendered":"http:\/\/www.ffwschwebheim.de\/?p=8630"},"modified":"2021-02-07T16:20:53","modified_gmt":"2021-02-07T14:20:53","slug":"6-einsatz-verkehrsunfall-heidenfelderstrasse-am-dienstag-02-02-2021-um-1215-uhr","status":"publish","type":"post","link":"http:\/\/www.ffwschwebheim.de\/?p=8630","title":{"rendered":"6. Einsatz: Verkehrsunfall Heidenfelderstrasse am Dienstag, 02.02.2021 um 12:15 Uhr"},"content":{"rendered":"\n<p>Am Dienstag den 02.02.2021 wurden wir um 12:15 Uhr zu einen Verkehrsunfall zur Kreuzung Heidenfelderstrasse mit 3 beteiligten PKW\u2018s alarmiert. <\/p>\n\n\n\n<p><strong>Alarmierung \u00fcber:<\/strong><\/p>\n\n\n\n<ul><li>Funkmeldeempf\u00e4nger <\/li><li>Handyalarmierung <\/li><\/ul>\n\n\n\n<p><strong>Eingesetzte Kr\u00e4fte: <\/strong><\/p>\n\n\n\n<ul><li>Florian Schwebheim 40\/1<\/li><li>Florian Schwebheim 44\/1 <\/li><li>Florian Sennfeld 48\/1 <\/li><li>Rettungsdienst <\/li><li>Polizei<\/li><\/ul>\n\n\n\n<figure class=\"is-layout-flex wp-block-gallery-1 wp-block-gallery columns-3 is-cropped\"><ul class=\"blocks-gallery-grid\"><li class=\"blocks-gallery-item\"><figure><img decoding=\"async\" loading=\"lazy\" width=\"1024\" height=\"768\" src=\"http:\/\/www.ffwschwebheim.de\/wp-content\/uploads\/2021\/02\/107BF78C-15EE-4AD1-B126-B3FCACA9C155-1024x768.jpeg\" alt=\"\" data-id=\"8631\" class=\"wp-image-8631\" srcset=\"http:\/\/www.ffwschwebheim.de\/wp-content\/uploads\/2021\/02\/107BF78C-15EE-4AD1-B126-B3FCACA9C155-1024x768.jpeg 1024w, http:\/\/www.ffwschwebheim.de\/wp-content\/uploads\/2021\/02\/107BF78C-15EE-4AD1-B126-B3FCACA9C155-300x225.jpeg 300w, http:\/\/www.ffwschwebheim.de\/wp-content\/uploads\/2021\/02\/107BF78C-15EE-4AD1-B126-B3FCACA9C155-768x576.jpeg 768w, http:\/\/www.ffwschwebheim.de\/wp-content\/uploads\/2021\/02\/107BF78C-15EE-4AD1-B126-B3FCACA9C155-400x300.jpeg 400w, http:\/\/www.ffwschwebheim.de\/wp-content\/uploads\/2021\/02\/107BF78C-15EE-4AD1-B126-B3FCACA9C155.jpeg 1200w\" sizes=\"(max-width: 1024px) 100vw, 1024px\" \/><\/figure><\/li><li class=\"blocks-gallery-item\"><figure><img decoding=\"async\" loading=\"lazy\" width=\"1024\" height=\"576\" src=\"http:\/\/www.ffwschwebheim.de\/wp-content\/uploads\/2021\/02\/D4FB0B41-C572-4BA8-A462-CC0DB7AEC6D1-1024x576.jpeg\" alt=\"\" data-id=\"8632\" data-full-url=\"http:\/\/www.ffwschwebheim.de\/wp-content\/uploads\/2021\/02\/D4FB0B41-C572-4BA8-A462-CC0DB7AEC6D1.jpeg\" data-link=\"http:\/\/www.ffwschwebheim.de\/?attachment_id=8632\" class=\"wp-image-8632\" srcset=\"http:\/\/www.ffwschwebheim.de\/wp-content\/uploads\/2021\/02\/D4FB0B41-C572-4BA8-A462-CC0DB7AEC6D1-1024x576.jpeg 1024w, http:\/\/www.ffwschwebheim.de\/wp-content\/uploads\/2021\/02\/D4FB0B41-C572-4BA8-A462-CC0DB7AEC6D1-300x169.jpeg 300w, http:\/\/www.ffwschwebheim.de\/wp-content\/uploads\/2021\/02\/D4FB0B41-C572-4BA8-A462-CC0DB7AEC6D1-768x432.jpeg 768w, http:\/\/www.ffwschwebheim.de\/wp-content\/uploads\/2021\/02\/D4FB0B41-C572-4BA8-A462-CC0DB7AEC6D1-500x281.jpeg 500w, http:\/\/www.ffwschwebheim.de\/wp-content\/uploads\/2021\/02\/D4FB0B41-C572-4BA8-A462-CC0DB7AEC6D1.jpeg 1200w\" sizes=\"(max-width: 1024px) 100vw, 1024px\" \/><\/figure><\/li><li class=\"blocks-gallery-item\"><figure><img decoding=\"async\" loading=\"lazy\" width=\"576\" height=\"1024\" src=\"http:\/\/www.ffwschwebheim.de\/wp-content\/uploads\/2021\/02\/640D1EC1-49DD-42CE-A0F8-562B3E49DEDE-576x1024.jpeg\" alt=\"\" data-id=\"8634\" data-full-url=\"http:\/\/www.ffwschwebheim.de\/wp-content\/uploads\/2021\/02\/640D1EC1-49DD-42CE-A0F8-562B3E49DEDE.jpeg\" data-link=\"http:\/\/www.ffwschwebheim.de\/?attachment_id=8634\" class=\"wp-image-8634\" srcset=\"http:\/\/www.ffwschwebheim.de\/wp-content\/uploads\/2021\/02\/640D1EC1-49DD-42CE-A0F8-562B3E49DEDE-576x1024.jpeg 576w, http:\/\/www.ffwschwebheim.de\/wp-content\/uploads\/2021\/02\/640D1EC1-49DD-42CE-A0F8-562B3E49DEDE-169x300.jpeg 169w, http:\/\/www.ffwschwebheim.de\/wp-content\/uploads\/2021\/02\/640D1EC1-49DD-42CE-A0F8-562B3E49DEDE.jpeg 675w\" sizes=\"(max-width: 576px) 100vw, 576px\" \/><\/figure><\/li><li class=\"blocks-gallery-item\"><figure><img decoding=\"async\" loading=\"lazy\" width=\"576\" height=\"1024\" src=\"http:\/\/www.ffwschwebheim.de\/wp-content\/uploads\/2021\/02\/D887F02F-B340-4BE3-B9C1-80B1E1ED278D-576x1024.jpeg\" alt=\"\" data-id=\"8633\" data-full-url=\"http:\/\/www.ffwschwebheim.de\/wp-content\/uploads\/2021\/02\/D887F02F-B340-4BE3-B9C1-80B1E1ED278D.jpeg\" data-link=\"http:\/\/www.ffwschwebheim.de\/?attachment_id=8633\" class=\"wp-image-8633\" srcset=\"http:\/\/www.ffwschwebheim.de\/wp-content\/uploads\/2021\/02\/D887F02F-B340-4BE3-B9C1-80B1E1ED278D-576x1024.jpeg 576w, http:\/\/www.ffwschwebheim.de\/wp-content\/uploads\/2021\/02\/D887F02F-B340-4BE3-B9C1-80B1E1ED278D-169x300.jpeg 169w, http:\/\/www.ffwschwebheim.de\/wp-content\/uploads\/2021\/02\/D887F02F-B340-4BE3-B9C1-80B1E1ED278D.jpeg 675w\" sizes=\"(max-width: 576px) 100vw, 576px\" \/><\/figure><\/li><\/ul><\/figure>\n","protected":false},"excerpt":{"rendered":"<p>Am Dienstag den 02.02.2021 wurden wir um 12:15 Uhr zu einen Verkehrsunfall zur Kreuzung Heidenfelderstrasse mit 3 beteiligten PKW\u2018s alarmiert. Alarmierung \u00fcber: Funkmeldeempf\u00e4nger Handyalarmierung Eingesetzte Kr\u00e4fte: Florian Schwebheim 40\/1 Florian Schwebheim 44\/1 Florian Sennfeld 48\/1 Rettungsdienst Polizei<\/p>\n","protected":false},"author":4,"featured_media":0,"comment_status":"closed","ping_status":"open","sticky":false,"template":"","format":"standard","meta":[],"categories":[17,38],"tags":[],"_links":{"self":[{"href":"http:\/\/www.ffwschwebheim.de\/index.php?rest_route=\/wp\/v2\/posts\/8630"}],"collection":[{"href":"http:\/\/www.ffwschwebheim.de\/index.php?rest_route=\/wp\/v2\/posts"}],"about":[{"href":"http:\/\/www.ffwschwebheim.de\/index.php?rest_route=\/wp\/v2\/types\/post"}],"author":[{"embeddable":true,"href":"http:\/\/www.ffwschwebheim.de\/index.php?rest_route=\/wp\/v2\/users\/4"}],"replies":[{"embeddable":true,"href":"http:\/\/www.ffwschwebheim.de\/index.php?rest_route=%2Fwp%2Fv2%2Fcomments&post=8630"}],"version-history":[{"count":2,"href":"http:\/\/www.ffwschwebheim.de\/index.php?rest_route=\/wp\/v2\/posts\/8630\/revisions"}],"predecessor-version":[{"id":8638,"href":"http:\/\/www.ffwschwebheim.de\/index.php?rest_route=\/wp\/v2\/posts\/8630\/revisions\/8638"}],"wp:attachment":[{"href":"http:\/\/www.ffwschwebheim.de\/index.php?rest_route=%2Fwp%2Fv2%2Fmedia&parent=8630"}],"wp:term":[{"taxonomy":"category","embeddable":true,"href":"http:\/\/www.ffwschwebheim.de\/index.php?rest_route=%2Fwp%2Fv2%2Fcategories&post=8630"},{"taxonomy":"post_tag","embeddable":true,"href":"http:\/\/www.ffwschwebheim.de\/index.php?rest_route=%2Fwp%2Fv2%2Ftags&post=8630"}],"curies":[{"name":"wp","href":"https:\/\/api.w.org\/{rel}","templated":true}]}}