{"id":852,"date":"2010-11-19T07:31:40","date_gmt":"2010-11-19T07:31:40","guid":{"rendered":"http:\/\/test.ffwschwebheim.de\/?p=852"},"modified":"2012-09-07T16:59:48","modified_gmt":"2012-09-07T16:59:48","slug":"23-einsatz-19-11-2010-0731-uhr-b-286-vu-b-286-abfahrt-schwebheim-mehrere-personen-eingeklemmt","status":"publish","type":"post","link":"http:\/\/www.ffwschwebheim.de\/?p=852","title":{"rendered":"23. Einsatz \t19.11.2010 \t07:31 Uhr: \tB 286 \tVU  B 286  Abfahrt Schwebheim mehrere Personen eingeklemmt"},"content":{"rendered":"\n\t\t<style type=\"text\/css\">\n\t\t\t#gallery-1 {\n\t\t\t\tmargin: auto;\n\t\t\t}\n\t\t\t#gallery-1 .gallery-item {\n\t\t\t\tfloat: left;\n\t\t\t\tmargin-top: 10px;\n\t\t\t\ttext-align: center;\n\t\t\t\twidth: 33%;\n\t\t\t}\n\t\t\t#gallery-1 img {\n\t\t\t\tborder: 2px solid #cfcfcf;\n\t\t\t}\n\t\t\t#gallery-1 .gallery-caption {\n\t\t\t\tmargin-left: 0;\n\t\t\t}\n\t\t\t\/* see gallery_shortcode() in wp-includes\/media.php *\/\n\t\t<\/style>\n\t\t<div id='gallery-1' class='gallery galleryid-852 gallery-columns-3 gallery-size-thumbnail'><dl class='gallery-item'>\n\t\t\t<dt class='gallery-icon landscape'>\n\t\t\t\t<a href='http:\/\/www.ffwschwebheim.de\/?attachment_id=853'><img width=\"150\" height=\"150\" src=\"http:\/\/www.ffwschwebheim.de\/wp-content\/uploads\/2012\/08\/Einsatz23_01-150x150.jpg\" class=\"attachment-thumbnail size-thumbnail\" alt=\"\" decoding=\"async\" loading=\"lazy\" \/><\/a>\n\t\t\t<\/dt><\/dl><dl class='gallery-item'>\n\t\t\t<dt class='gallery-icon landscape'>\n\t\t\t\t<a href='http:\/\/www.ffwschwebheim.de\/?attachment_id=854'><img width=\"150\" height=\"150\" src=\"http:\/\/www.ffwschwebheim.de\/wp-content\/uploads\/2012\/08\/Einsatz23_02-150x150.jpg\" class=\"attachment-thumbnail size-thumbnail\" alt=\"\" decoding=\"async\" loading=\"lazy\" \/><\/a>\n\t\t\t<\/dt><\/dl><dl class='gallery-item'>\n\t\t\t<dt class='gallery-icon landscape'>\n\t\t\t\t<a href='http:\/\/www.ffwschwebheim.de\/?attachment_id=855'><img width=\"150\" height=\"150\" src=\"http:\/\/www.ffwschwebheim.de\/wp-content\/uploads\/2012\/08\/Einsatz23_03-150x150.jpg\" class=\"attachment-thumbnail size-thumbnail\" alt=\"\" decoding=\"async\" loading=\"lazy\" \/><\/a>\n\t\t\t<\/dt><\/dl><br style=\"clear: both\" \/><dl class='gallery-item'>\n\t\t\t<dt class='gallery-icon landscape'>\n\t\t\t\t<a href='http:\/\/www.ffwschwebheim.de\/?attachment_id=856'><img width=\"150\" height=\"150\" src=\"http:\/\/www.ffwschwebheim.de\/wp-content\/uploads\/2012\/08\/Einsatz23_04-150x150.jpg\" class=\"attachment-thumbnail size-thumbnail\" alt=\"\" decoding=\"async\" loading=\"lazy\" \/><\/a>\n\t\t\t<\/dt><\/dl><dl class='gallery-item'>\n\t\t\t<dt class='gallery-icon landscape'>\n\t\t\t\t<a href='http:\/\/www.ffwschwebheim.de\/?attachment_id=857'><img width=\"150\" height=\"150\" src=\"http:\/\/www.ffwschwebheim.de\/wp-content\/uploads\/2012\/08\/Einsatz23_05-150x150.jpg\" class=\"attachment-thumbnail size-thumbnail\" alt=\"\" decoding=\"async\" loading=\"lazy\" \/><\/a>\n\t\t\t<\/dt><\/dl><dl class='gallery-item'>\n\t\t\t<dt class='gallery-icon landscape'>\n\t\t\t\t<a href='http:\/\/www.ffwschwebheim.de\/?attachment_id=858'><img width=\"150\" height=\"150\" src=\"http:\/\/www.ffwschwebheim.de\/wp-content\/uploads\/2012\/08\/Einsatz23_06-150x150.jpg\" class=\"attachment-thumbnail size-thumbnail\" alt=\"\" decoding=\"async\" loading=\"lazy\" \/><\/a>\n\t\t\t<\/dt><\/dl><br style=\"clear: both\" \/><dl class='gallery-item'>\n\t\t\t<dt class='gallery-icon landscape'>\n\t\t\t\t<a href='http:\/\/www.ffwschwebheim.de\/?attachment_id=859'><img width=\"150\" height=\"150\" src=\"http:\/\/www.ffwschwebheim.de\/wp-content\/uploads\/2012\/08\/Einsatz23_07-150x150.jpg\" class=\"attachment-thumbnail size-thumbnail\" alt=\"\" decoding=\"async\" loading=\"lazy\" \/><\/a>\n\t\t\t<\/dt><\/dl><dl class='gallery-item'>\n\t\t\t<dt class='gallery-icon landscape'>\n\t\t\t\t<a href='http:\/\/www.ffwschwebheim.de\/?attachment_id=860'><img width=\"150\" height=\"150\" src=\"http:\/\/www.ffwschwebheim.de\/wp-content\/uploads\/2012\/08\/Einsatz23_08-150x150.jpg\" class=\"attachment-thumbnail size-thumbnail\" alt=\"\" decoding=\"async\" loading=\"lazy\" \/><\/a>\n\t\t\t<\/dt><\/dl><dl class='gallery-item'>\n\t\t\t<dt class='gallery-icon landscape'>\n\t\t\t\t<a href='http:\/\/www.ffwschwebheim.de\/?attachment_id=861'><img width=\"150\" height=\"150\" src=\"http:\/\/www.ffwschwebheim.de\/wp-content\/uploads\/2012\/08\/Einsatz23_09-150x150.jpg\" class=\"attachment-thumbnail size-thumbnail\" alt=\"\" decoding=\"async\" loading=\"lazy\" \/><\/a>\n\t\t\t<\/dt><\/dl><br style=\"clear: both\" \/><dl class='gallery-item'>\n\t\t\t<dt class='gallery-icon landscape'>\n\t\t\t\t<a href='http:\/\/www.ffwschwebheim.de\/?attachment_id=862'><img width=\"150\" height=\"150\" src=\"http:\/\/www.ffwschwebheim.de\/wp-content\/uploads\/2012\/08\/Einsatz23_10-150x150.jpg\" class=\"attachment-thumbnail size-thumbnail\" alt=\"\" decoding=\"async\" loading=\"lazy\" \/><\/a>\n\t\t\t<\/dt><\/dl><dl class='gallery-item'>\n\t\t\t<dt class='gallery-icon landscape'>\n\t\t\t\t<a href='http:\/\/www.ffwschwebheim.de\/?attachment_id=863'><img width=\"150\" height=\"150\" src=\"http:\/\/www.ffwschwebheim.de\/wp-content\/uploads\/2012\/08\/Einsatz23_11-150x150.jpg\" class=\"attachment-thumbnail size-thumbnail\" alt=\"\" decoding=\"async\" loading=\"lazy\" \/><\/a>\n\t\t\t<\/dt><\/dl><dl class='gallery-item'>\n\t\t\t<dt class='gallery-icon landscape'>\n\t\t\t\t<a href='http:\/\/www.ffwschwebheim.de\/?attachment_id=864'><img width=\"150\" height=\"150\" src=\"http:\/\/www.ffwschwebheim.de\/wp-content\/uploads\/2012\/08\/Einsatz23_12-150x150.jpg\" class=\"attachment-thumbnail size-thumbnail\" alt=\"\" decoding=\"async\" loading=\"lazy\" \/><\/a>\n\t\t\t<\/dt><\/dl><br style=\"clear: both\" \/><dl class='gallery-item'>\n\t\t\t<dt class='gallery-icon landscape'>\n\t\t\t\t<a href='http:\/\/www.ffwschwebheim.de\/?attachment_id=865'><img width=\"150\" height=\"150\" src=\"http:\/\/www.ffwschwebheim.de\/wp-content\/uploads\/2012\/08\/Einsatz23_13-150x150.jpg\" class=\"attachment-thumbnail size-thumbnail\" alt=\"\" decoding=\"async\" loading=\"lazy\" \/><\/a>\n\t\t\t<\/dt><\/dl><dl class='gallery-item'>\n\t\t\t<dt class='gallery-icon landscape'>\n\t\t\t\t<a href='http:\/\/www.ffwschwebheim.de\/?attachment_id=866'><img width=\"150\" height=\"150\" src=\"http:\/\/www.ffwschwebheim.de\/wp-content\/uploads\/2012\/08\/Einsatz23_14-150x150.jpg\" class=\"attachment-thumbnail size-thumbnail\" alt=\"\" decoding=\"async\" loading=\"lazy\" \/><\/a>\n\t\t\t<\/dt><\/dl>\n\t\t\t<br style='clear: both' \/>\n\t\t<\/div>\n\n<p>BERICHT<\/p>\n<p><strong> Umgest\u00fcrzter Teerlaster begr\u00e4bt Auto unter sich<\/strong><\/p>\n<p>B 286 &#8211; Den Rettungskr\u00e4ften bietet sich ein Bild des Grauens. Selbst Polizisten sind geschockt, als sie an die Unfallstelle kommen. Dort hat ein umgekippter Teerlaster ein Auto unter sich begraben. Drei junge Menschen verlieren ihr Leben, vier werden schwer verletzt.<\/p>\n<p>Ein umgest\u00fcrzter Teerlaster hat am Freitag bei Schwebheim (Landkreis Schweinfurt) ein Auto unter sich begraben und damit drei junge Menschen in den Tod gerissen. Zwei weitere wurden schwer verletzt. Nur Bruchteile von Sekunden nach diesem schweren Unfall prallte ein zweites Auto frontal in einen weiteren Teerlaster &#8211; zwei Menschen erlitten dabei schwere Verletzungen. \u201eDas ist kein allt\u00e4glicher Unfall\u201c, sagte Polizeisprecher Michael Zimmer. \u201eDas Tr\u00fcmmerfeld erstreckt sich mit Sicherheit auf einen Bereich von 150, 200 Meter.\u201c<\/p>\n<p>Bei den Toten handelt es sich um zwei junge Frauen und einen jungen Mann. N\u00e4heres war zun\u00e4chst nicht bekannt. Die Identit\u00e4t der vier Schwerverletzten stand ebenfalls zun\u00e4chst nicht fest. Auch zur Unfallursache und der Schadensh\u00f6he konnten keine Angaben gemacht werden.<\/p>\n<p>Den Dutzenden Rettungskr\u00e4ften bot sich am Freitagmorgen auf der Bundesstra\u00dfe 286 ein Bild des Grauens. \u00dcberall lagen Tr\u00fcmmerteile. Ein Auto war unter einem Laster begraben, das Dach komplett eingedr\u00fcckt. Ein Mann und zwei Frauen starben in dem Wagen, einer weiterer Mensch \u00fcberlebte schwer verletzt.<\/p>\n<p>Hinter dieser Unfallstelle entdeckten die Helfer zwei weitere demolierte Fahrzeuge. Ein zweiter Teerlaster hing mit Hinterachse und Anh\u00e4nger im Graben, ein weiteres Auto stand schwer besch\u00e4digt auf der Stra\u00dfe. Warmer Teer hatte sich \u00fcber die Fahrbahn ergossen. Die Bergungsarbeiten dauerten Stunden.<\/p>\n<p>Nach ersten Erkenntnissen der Polizei war gegen 7.35 Uhr ein Auto, das in Richtung Schweinfurt fuhr, aus bislang ungekl\u00e4rtem Grund auf die Gegenfahrbahn geraten. Der entgegenkommende erste Teerlaster konnte zwar noch ausweichen, der Fahrer verlor aber die Kontrolle \u00fcber den Lkw. Dieser kippte um und begrub ein zweites Auto unter sich, das ebenfalls auf der Gegenfahrbahn fuhr. F\u00fcr drei der vier Insassen kam jede Hilfe zu sp\u00e4t, sie starben noch an der Unfallstelle.<\/p>\n<p>Unmittelbar nach diesem schweren Unfall prallte der zweite Teerlaster auf ein Auto, das zuvor das Ausweichman\u00f6ver des ersten Lastwagens erzwungen hatte. Dabei erlitten zwei der vier Wageninsassen schwere Verletzungen. Der Lasterfahrer kam mit dem Schrecken davon.<\/p>\n<p>Die B286 wurde danach komplett gesperrt. \u201eEs wird eine ganze Weile dauern, bis das aufger\u00e4umt ist\u201c, sagte Polizeisprecher Zimmer. Rettungsdienste, Feuerwehr und Polizei waren mit einem Gro\u00dfaufgebot sofort zur Stelle. Auch Notfallseelsorger waren vor Ort. \u201eEs ist auch f\u00fcr die Einsatzkr\u00e4fte eine erhebliche Belastung\u201c, erkl\u00e4rte Zimmer. \u201eDas geht mit Sicherheit nicht spurlos an ihnen vor\u00fcber.\u201c<\/p>\n<p>&nbsp;<\/p>\n","protected":false},"excerpt":{"rendered":"<p>BERICHT Umgest\u00fcrzter Teerlaster begr\u00e4bt Auto unter sich B 286 &#8211; Den Rettungskr\u00e4ften bietet sich ein Bild des Grauens. Selbst Polizisten sind geschockt, als sie an die Unfallstelle kommen. Dort hat ein umgekippter Teerlaster ein Auto unter sich begraben. Drei junge &hellip; <a href=\"http:\/\/www.ffwschwebheim.de\/?p=852\">Weiterlesen <span class=\"meta-nav\">&rarr;<\/span><\/a><\/p>\n","protected":false},"author":2,"featured_media":0,"comment_status":"closed","ping_status":"open","sticky":false,"template":"","format":"standard","meta":[],"categories":[17,11],"tags":[],"_links":{"self":[{"href":"http:\/\/www.ffwschwebheim.de\/index.php?rest_route=\/wp\/v2\/posts\/852"}],"collection":[{"href":"http:\/\/www.ffwschwebheim.de\/index.php?rest_route=\/wp\/v2\/posts"}],"about":[{"href":"http:\/\/www.ffwschwebheim.de\/index.php?rest_route=\/wp\/v2\/types\/post"}],"author":[{"embeddable":true,"href":"http:\/\/www.ffwschwebheim.de\/index.php?rest_route=\/wp\/v2\/users\/2"}],"replies":[{"embeddable":true,"href":"http:\/\/www.ffwschwebheim.de\/index.php?rest_route=%2Fwp%2Fv2%2Fcomments&post=852"}],"version-history":[{"count":3,"href":"http:\/\/www.ffwschwebheim.de\/index.php?rest_route=\/wp\/v2\/posts\/852\/revisions"}],"predecessor-version":[{"id":868,"href":"http:\/\/www.ffwschwebheim.de\/index.php?rest_route=\/wp\/v2\/posts\/852\/revisions\/868"}],"wp:attachment":[{"href":"http:\/\/www.ffwschwebheim.de\/index.php?rest_route=%2Fwp%2Fv2%2Fmedia&parent=852"}],"wp:term":[{"taxonomy":"category","embeddable":true,"href":"http:\/\/www.ffwschwebheim.de\/index.php?rest_route=%2Fwp%2Fv2%2Fcategories&post=852"},{"taxonomy":"post_tag","embeddable":true,"href":"http:\/\/www.ffwschwebheim.de\/index.php?rest_route=%2Fwp%2Fv2%2Ftags&post=852"}],"curies":[{"name":"wp","href":"https:\/\/api.w.org\/{rel}","templated":true}]}}