{"id":5989,"date":"2016-12-18T22:07:35","date_gmt":"2016-12-18T20:07:35","guid":{"rendered":"http:\/\/www.ffwschwebheim.de\/?p=5989"},"modified":"2017-01-04T22:22:51","modified_gmt":"2017-01-04T20:22:51","slug":"weihnachtsessen-am-sonntag-18-12-2016","status":"publish","type":"post","link":"http:\/\/www.ffwschwebheim.de\/?p=5989","title":{"rendered":"Weihnachtsessen am Sonntag, 18.12.2016"},"content":{"rendered":"<p><strong>Ausklang<\/strong><\/p>\n<p>Am 4.Advent trafen sich die aktiven Feuerwehrm\u00e4nner mit ihren Familien im Arkadensaal des B\u00fcrgerhauses um das vergangene Jahr bei einem Weihnachtsessen ausklingen zu lassen. Sp\u00e4ter trug die 3.B\u00fcrgermeisterin Karin Model dann noch eine Geschichte vor, die zum Lachen und zum Nachdenken anregte.<\/p>\n\n\t\t<style type=\"text\/css\">\n\t\t\t#gallery-1 {\n\t\t\t\tmargin: auto;\n\t\t\t}\n\t\t\t#gallery-1 .gallery-item {\n\t\t\t\tfloat: left;\n\t\t\t\tmargin-top: 10px;\n\t\t\t\ttext-align: center;\n\t\t\t\twidth: 25%;\n\t\t\t}\n\t\t\t#gallery-1 img {\n\t\t\t\tborder: 2px solid #cfcfcf;\n\t\t\t}\n\t\t\t#gallery-1 .gallery-caption {\n\t\t\t\tmargin-left: 0;\n\t\t\t}\n\t\t\t\/* see gallery_shortcode() in wp-includes\/media.php *\/\n\t\t<\/style>\n\t\t<div id='gallery-1' class='gallery galleryid-5989 gallery-columns-4 gallery-size-thumbnail'><dl class='gallery-item'>\n\t\t\t<dt class='gallery-icon landscape'>\n\t\t\t\t<a href='http:\/\/www.ffwschwebheim.de\/?attachment_id=5993'><img width=\"150\" height=\"150\" src=\"http:\/\/www.ffwschwebheim.de\/wp-content\/uploads\/2016\/12\/IMG_5242-150x150.jpg\" class=\"attachment-thumbnail size-thumbnail\" alt=\"\" decoding=\"async\" loading=\"lazy\" \/><\/a>\n\t\t\t<\/dt><\/dl><dl class='gallery-item'>\n\t\t\t<dt class='gallery-icon landscape'>\n\t\t\t\t<a href='http:\/\/www.ffwschwebheim.de\/?attachment_id=5994'><img width=\"150\" height=\"150\" src=\"http:\/\/www.ffwschwebheim.de\/wp-content\/uploads\/2016\/12\/IMG_5243-150x150.jpg\" class=\"attachment-thumbnail size-thumbnail\" alt=\"\" decoding=\"async\" loading=\"lazy\" \/><\/a>\n\t\t\t<\/dt><\/dl><dl class='gallery-item'>\n\t\t\t<dt class='gallery-icon landscape'>\n\t\t\t\t<a href='http:\/\/www.ffwschwebheim.de\/?attachment_id=5995'><img width=\"150\" height=\"150\" src=\"http:\/\/www.ffwschwebheim.de\/wp-content\/uploads\/2016\/12\/IMG_5246-150x150.jpg\" class=\"attachment-thumbnail size-thumbnail\" alt=\"\" decoding=\"async\" loading=\"lazy\" \/><\/a>\n\t\t\t<\/dt><\/dl><dl class='gallery-item'>\n\t\t\t<dt class='gallery-icon landscape'>\n\t\t\t\t<a href='http:\/\/www.ffwschwebheim.de\/?attachment_id=5996'><img width=\"150\" height=\"150\" src=\"http:\/\/www.ffwschwebheim.de\/wp-content\/uploads\/2016\/12\/IMG_5247-150x150.jpg\" class=\"attachment-thumbnail size-thumbnail\" alt=\"\" decoding=\"async\" loading=\"lazy\" \/><\/a>\n\t\t\t<\/dt><\/dl><br style=\"clear: both\" \/><dl class='gallery-item'>\n\t\t\t<dt class='gallery-icon landscape'>\n\t\t\t\t<a href='http:\/\/www.ffwschwebheim.de\/?attachment_id=5997'><img width=\"150\" height=\"150\" src=\"http:\/\/www.ffwschwebheim.de\/wp-content\/uploads\/2016\/12\/IMG_5248-150x150.jpg\" class=\"attachment-thumbnail size-thumbnail\" alt=\"\" decoding=\"async\" loading=\"lazy\" \/><\/a>\n\t\t\t<\/dt><\/dl><dl class='gallery-item'>\n\t\t\t<dt class='gallery-icon landscape'>\n\t\t\t\t<a href='http:\/\/www.ffwschwebheim.de\/?attachment_id=5998'><img width=\"150\" height=\"150\" src=\"http:\/\/www.ffwschwebheim.de\/wp-content\/uploads\/2016\/12\/IMG_5255-150x150.jpg\" class=\"attachment-thumbnail size-thumbnail\" alt=\"\" decoding=\"async\" loading=\"lazy\" \/><\/a>\n\t\t\t<\/dt><\/dl><dl class='gallery-item'>\n\t\t\t<dt class='gallery-icon landscape'>\n\t\t\t\t<a href='http:\/\/www.ffwschwebheim.de\/?attachment_id=5999'><img width=\"150\" height=\"150\" src=\"http:\/\/www.ffwschwebheim.de\/wp-content\/uploads\/2016\/12\/IMG_5256-150x150.jpg\" class=\"attachment-thumbnail size-thumbnail\" alt=\"\" decoding=\"async\" loading=\"lazy\" \/><\/a>\n\t\t\t<\/dt><\/dl><dl class='gallery-item'>\n\t\t\t<dt class='gallery-icon landscape'>\n\t\t\t\t<a href='http:\/\/www.ffwschwebheim.de\/?attachment_id=6000'><img width=\"150\" height=\"150\" src=\"http:\/\/www.ffwschwebheim.de\/wp-content\/uploads\/2016\/12\/IMG_5257-150x150.jpg\" class=\"attachment-thumbnail size-thumbnail\" alt=\"\" decoding=\"async\" loading=\"lazy\" \/><\/a>\n\t\t\t<\/dt><\/dl><br style=\"clear: both\" \/><dl class='gallery-item'>\n\t\t\t<dt class='gallery-icon landscape'>\n\t\t\t\t<a href='http:\/\/www.ffwschwebheim.de\/?attachment_id=6001'><img width=\"150\" height=\"150\" src=\"http:\/\/www.ffwschwebheim.de\/wp-content\/uploads\/2016\/12\/IMG_5259-150x150.jpg\" class=\"attachment-thumbnail size-thumbnail\" alt=\"\" decoding=\"async\" loading=\"lazy\" \/><\/a>\n\t\t\t<\/dt><\/dl><dl class='gallery-item'>\n\t\t\t<dt class='gallery-icon landscape'>\n\t\t\t\t<a href='http:\/\/www.ffwschwebheim.de\/?attachment_id=6002'><img width=\"150\" height=\"150\" src=\"http:\/\/www.ffwschwebheim.de\/wp-content\/uploads\/2016\/12\/IMG_5265-150x150.jpg\" class=\"attachment-thumbnail size-thumbnail\" alt=\"\" decoding=\"async\" loading=\"lazy\" \/><\/a>\n\t\t\t<\/dt><\/dl><dl class='gallery-item'>\n\t\t\t<dt class='gallery-icon landscape'>\n\t\t\t\t<a href='http:\/\/www.ffwschwebheim.de\/?attachment_id=6003'><img width=\"150\" height=\"150\" src=\"http:\/\/www.ffwschwebheim.de\/wp-content\/uploads\/2016\/12\/IMG_5284-150x150.jpg\" class=\"attachment-thumbnail size-thumbnail\" alt=\"\" decoding=\"async\" loading=\"lazy\" \/><\/a>\n\t\t\t<\/dt><\/dl><dl class='gallery-item'>\n\t\t\t<dt class='gallery-icon landscape'>\n\t\t\t\t<a href='http:\/\/www.ffwschwebheim.de\/?attachment_id=6004'><img width=\"150\" height=\"150\" src=\"http:\/\/www.ffwschwebheim.de\/wp-content\/uploads\/2016\/12\/IMG_5287-150x150.jpg\" class=\"attachment-thumbnail size-thumbnail\" alt=\"\" decoding=\"async\" loading=\"lazy\" \/><\/a>\n\t\t\t<\/dt><\/dl><br style=\"clear: both\" \/><dl class='gallery-item'>\n\t\t\t<dt class='gallery-icon landscape'>\n\t\t\t\t<a href='http:\/\/www.ffwschwebheim.de\/?attachment_id=6005'><img width=\"150\" height=\"150\" src=\"http:\/\/www.ffwschwebheim.de\/wp-content\/uploads\/2016\/12\/IMG_5290-150x150.jpg\" class=\"attachment-thumbnail size-thumbnail\" alt=\"\" decoding=\"async\" loading=\"lazy\" \/><\/a>\n\t\t\t<\/dt><\/dl>\n\t\t\t<br style='clear: both' \/>\n\t\t<\/div>\n\n","protected":false},"excerpt":{"rendered":"<p>Ausklang Am 4.Advent trafen sich die aktiven Feuerwehrm\u00e4nner mit ihren Familien im Arkadensaal des B\u00fcrgerhauses um das vergangene Jahr bei einem Weihnachtsessen ausklingen zu lassen. Sp\u00e4ter trug die 3.B\u00fcrgermeisterin Karin Model dann noch eine Geschichte vor, die zum Lachen und &hellip; <a href=\"http:\/\/www.ffwschwebheim.de\/?p=5989\">Weiterlesen <span class=\"meta-nav\">&rarr;<\/span><\/a><\/p>\n","protected":false},"author":3,"featured_media":0,"comment_status":"closed","ping_status":"open","sticky":false,"template":"","format":"standard","meta":[],"categories":[29,21],"tags":[],"_links":{"self":[{"href":"http:\/\/www.ffwschwebheim.de\/index.php?rest_route=\/wp\/v2\/posts\/5989"}],"collection":[{"href":"http:\/\/www.ffwschwebheim.de\/index.php?rest_route=\/wp\/v2\/posts"}],"about":[{"href":"http:\/\/www.ffwschwebheim.de\/index.php?rest_route=\/wp\/v2\/types\/post"}],"author":[{"embeddable":true,"href":"http:\/\/www.ffwschwebheim.de\/index.php?rest_route=\/wp\/v2\/users\/3"}],"replies":[{"embeddable":true,"href":"http:\/\/www.ffwschwebheim.de\/index.php?rest_route=%2Fwp%2Fv2%2Fcomments&post=5989"}],"version-history":[{"count":3,"href":"http:\/\/www.ffwschwebheim.de\/index.php?rest_route=\/wp\/v2\/posts\/5989\/revisions"}],"predecessor-version":[{"id":6007,"href":"http:\/\/www.ffwschwebheim.de\/index.php?rest_route=\/wp\/v2\/posts\/5989\/revisions\/6007"}],"wp:attachment":[{"href":"http:\/\/www.ffwschwebheim.de\/index.php?rest_route=%2Fwp%2Fv2%2Fmedia&parent=5989"}],"wp:term":[{"taxonomy":"category","embeddable":true,"href":"http:\/\/www.ffwschwebheim.de\/index.php?rest_route=%2Fwp%2Fv2%2Fcategories&post=5989"},{"taxonomy":"post_tag","embeddable":true,"href":"http:\/\/www.ffwschwebheim.de\/index.php?rest_route=%2Fwp%2Fv2%2Ftags&post=5989"}],"curies":[{"name":"wp","href":"https:\/\/api.w.org\/{rel}","templated":true}]}}