{"id":5782,"date":"2016-10-15T11:44:22","date_gmt":"2016-10-15T09:44:22","guid":{"rendered":"http:\/\/www.ffwschwebheim.de\/?p=5782"},"modified":"2016-10-17T07:13:05","modified_gmt":"2016-10-17T05:13:05","slug":"leistungsmarsch-am-samstag-16-10-2016","status":"publish","type":"post","link":"http:\/\/www.ffwschwebheim.de\/?p=5782","title":{"rendered":"Leistungsmarsch am Samstag, 15.10.2016"},"content":{"rendered":"<p><strong>Geburtsstunde<\/strong><\/p>\n<p>Ausgehend von den Leistungsm\u00e4rschen f\u00fcr Jugendliche wurde vor ca. 20 Jahren die Idee eines Leistungsmarsches f\u00fcr Erwachsene geboren. Nach einigen Jahren der Vorbereitung und Planung nahmen sich die Feuerwehren des Marktes Hirschaid (Lkr. Bamberg) der Sache an und richteten im Jahr 2001 den ersten Erwachsenen-Leistungsmarsch aus. Ausgehend von den positiven Erfahrungen verbreitete sich der Erwachsenen-Leistungsmarsch von dort aus mittlerweile\u00a0auf alle drei fr\u00e4nkischen Regierungsbezirke.<\/p>\n<p>Die Wettbewerbsteilnehmer treten in Teams, bestehend aus jeweils vier Feuerwehrleuten, gegeneinander an. Nach Kontrolle der pers\u00f6nlichen Schutzausr\u00fcstung begeben sich die Teams zu Fu\u00df auf einen Rundkurs von 5-8 km L\u00e4nge. Innerhalb der Strecke sind 10 Wertungs\u00fcbungen zu bew\u00e4ltigen, die dazu dienen den Ausbildungsstand und die Geschicklichkeit beim Umgang mit feuerwehrtechnischem Ger\u00e4t zu bewerten. Die Bewertung erfolgt dabei in Form von Fehlerpunkten anhand festgelegter Wettbewerbsregeln. Aufgrund der Ausgestaltung der \u00dcbungen ist es praktisch unm\u00f6glich, alle Wertungen ohne Fehlerpunkte zu bestehen.<\/p>\n<p>Den mittlerweile f\u00fcnften Leistungsmarsch in Unterfranken richtete die Freiwillige Feuerwehr Waigolshausen aus. Unter den 48 gemeldeten Teams fanden sich auch zwei der Freiwilligen Feuerwehr Schwebheim. Das Team &#8222;Schwebheim I&#8220; erreichte den 8.Platz, das Team &#8222;Schwebheim II&#8220; den 14.Platz. F\u00fcr die erste Teilnahme an einem Wettkampf dieser Art eine respektable Leistung! Den ersten Platz belegte die Feuerwehr Aura im Sinngrund (Lkr. Main-Spessart).<\/p>\n<p>Unser Dank gilt Florian Gockler f\u00fcr die Vorbereitung unserer Teams auf den Wettkampf als auch der Firma &#8222;Best\u00e4ndig Autowelt Gochsheim&#8220; f\u00fcr die Bereitstellung eines Kleinbusses.<\/p>\n<p>&nbsp;<\/p>\n<p><strong>Links:<\/strong><\/p>\n<ul>\n<li><a title=\"Feuerwehr Waigolshausen\" href=\"http:\/\/www.feuerwehr-waigolshausen.de\/\" target=\"_blank\">Feuerwehr Waigolshausen<\/a><\/li>\n<li><a title=\"Leistungsmarsch Unterfranken\" href=\"http:\/\/www.leistungsmarsch-unterfranken.de\/\" target=\"_blank\">Leistungsmarsch Unterfranken<\/a><\/li>\n<\/ul>\n<p>&nbsp;<\/p>\n\n\t\t<style type=\"text\/css\">\n\t\t\t#gallery-1 {\n\t\t\t\tmargin: auto;\n\t\t\t}\n\t\t\t#gallery-1 .gallery-item {\n\t\t\t\tfloat: left;\n\t\t\t\tmargin-top: 10px;\n\t\t\t\ttext-align: center;\n\t\t\t\twidth: 25%;\n\t\t\t}\n\t\t\t#gallery-1 img {\n\t\t\t\tborder: 2px solid #cfcfcf;\n\t\t\t}\n\t\t\t#gallery-1 .gallery-caption {\n\t\t\t\tmargin-left: 0;\n\t\t\t}\n\t\t\t\/* see gallery_shortcode() in wp-includes\/media.php *\/\n\t\t<\/style>\n\t\t<div id='gallery-1' class='gallery galleryid-5782 gallery-columns-4 gallery-size-thumbnail'><dl class='gallery-item'>\n\t\t\t<dt class='gallery-icon portrait'>\n\t\t\t\t<a href='http:\/\/www.ffwschwebheim.de\/?attachment_id=5783'><img width=\"150\" height=\"150\" src=\"http:\/\/www.ffwschwebheim.de\/wp-content\/uploads\/2016\/10\/IMG-20161015-WA0008-150x150.jpg\" class=\"attachment-thumbnail size-thumbnail\" alt=\"\" decoding=\"async\" loading=\"lazy\" \/><\/a>\n\t\t\t<\/dt><\/dl><dl class='gallery-item'>\n\t\t\t<dt class='gallery-icon landscape'>\n\t\t\t\t<a href='http:\/\/www.ffwschwebheim.de\/?attachment_id=5784'><img width=\"150\" height=\"150\" src=\"http:\/\/www.ffwschwebheim.de\/wp-content\/uploads\/2016\/10\/IMG-20161015-WA0009-150x150.jpg\" class=\"attachment-thumbnail size-thumbnail\" alt=\"\" decoding=\"async\" loading=\"lazy\" \/><\/a>\n\t\t\t<\/dt><\/dl><dl class='gallery-item'>\n\t\t\t<dt class='gallery-icon landscape'>\n\t\t\t\t<a href='http:\/\/www.ffwschwebheim.de\/?attachment_id=5785'><img width=\"150\" height=\"150\" src=\"http:\/\/www.ffwschwebheim.de\/wp-content\/uploads\/2016\/10\/WP_20161015_010-150x150.jpg\" class=\"attachment-thumbnail size-thumbnail\" alt=\"\" decoding=\"async\" loading=\"lazy\" \/><\/a>\n\t\t\t<\/dt><\/dl><dl class='gallery-item'>\n\t\t\t<dt class='gallery-icon landscape'>\n\t\t\t\t<a href='http:\/\/www.ffwschwebheim.de\/?attachment_id=5786'><img width=\"150\" height=\"150\" src=\"http:\/\/www.ffwschwebheim.de\/wp-content\/uploads\/2016\/10\/WP_20161015_013-150x150.jpg\" class=\"attachment-thumbnail size-thumbnail\" alt=\"\" decoding=\"async\" loading=\"lazy\" \/><\/a>\n\t\t\t<\/dt><\/dl><br style=\"clear: both\" \/><dl class='gallery-item'>\n\t\t\t<dt class='gallery-icon landscape'>\n\t\t\t\t<a href='http:\/\/www.ffwschwebheim.de\/?attachment_id=5787'><img width=\"150\" height=\"150\" src=\"http:\/\/www.ffwschwebheim.de\/wp-content\/uploads\/2016\/10\/WP_20161015_014-150x150.jpg\" class=\"attachment-thumbnail size-thumbnail\" alt=\"\" decoding=\"async\" loading=\"lazy\" \/><\/a>\n\t\t\t<\/dt><\/dl><dl class='gallery-item'>\n\t\t\t<dt class='gallery-icon landscape'>\n\t\t\t\t<a href='http:\/\/www.ffwschwebheim.de\/?attachment_id=5788'><img width=\"150\" height=\"150\" src=\"http:\/\/www.ffwschwebheim.de\/wp-content\/uploads\/2016\/10\/WP_20161015_015-150x150.jpg\" class=\"attachment-thumbnail size-thumbnail\" alt=\"\" decoding=\"async\" loading=\"lazy\" \/><\/a>\n\t\t\t<\/dt><\/dl><dl class='gallery-item'>\n\t\t\t<dt class='gallery-icon landscape'>\n\t\t\t\t<a href='http:\/\/www.ffwschwebheim.de\/?attachment_id=5789'><img width=\"150\" height=\"150\" src=\"http:\/\/www.ffwschwebheim.de\/wp-content\/uploads\/2016\/10\/WP_20161015_016-150x150.jpg\" class=\"attachment-thumbnail size-thumbnail\" alt=\"\" decoding=\"async\" loading=\"lazy\" \/><\/a>\n\t\t\t<\/dt><\/dl><dl class='gallery-item'>\n\t\t\t<dt class='gallery-icon landscape'>\n\t\t\t\t<a href='http:\/\/www.ffwschwebheim.de\/?attachment_id=5790'><img width=\"150\" height=\"150\" src=\"http:\/\/www.ffwschwebheim.de\/wp-content\/uploads\/2016\/10\/WP_20161015_017-150x150.jpg\" class=\"attachment-thumbnail size-thumbnail\" alt=\"\" decoding=\"async\" loading=\"lazy\" \/><\/a>\n\t\t\t<\/dt><\/dl><br style=\"clear: both\" \/><dl class='gallery-item'>\n\t\t\t<dt class='gallery-icon landscape'>\n\t\t\t\t<a href='http:\/\/www.ffwschwebheim.de\/?attachment_id=5791'><img width=\"150\" height=\"150\" src=\"http:\/\/www.ffwschwebheim.de\/wp-content\/uploads\/2016\/10\/WP_20161015_022-150x150.jpg\" class=\"attachment-thumbnail size-thumbnail\" alt=\"\" decoding=\"async\" loading=\"lazy\" \/><\/a>\n\t\t\t<\/dt><\/dl><dl class='gallery-item'>\n\t\t\t<dt class='gallery-icon portrait'>\n\t\t\t\t<a href='http:\/\/www.ffwschwebheim.de\/?attachment_id=5792'><img width=\"150\" height=\"150\" src=\"http:\/\/www.ffwschwebheim.de\/wp-content\/uploads\/2016\/10\/WP_20161015_031-150x150.jpg\" class=\"attachment-thumbnail size-thumbnail\" alt=\"\" decoding=\"async\" loading=\"lazy\" \/><\/a>\n\t\t\t<\/dt><\/dl><dl class='gallery-item'>\n\t\t\t<dt class='gallery-icon landscape'>\n\t\t\t\t<a href='http:\/\/www.ffwschwebheim.de\/?attachment_id=5793'><img width=\"150\" height=\"150\" src=\"http:\/\/www.ffwschwebheim.de\/wp-content\/uploads\/2016\/10\/WP_20161015_032-150x150.jpg\" class=\"attachment-thumbnail size-thumbnail\" alt=\"\" decoding=\"async\" loading=\"lazy\" \/><\/a>\n\t\t\t<\/dt><\/dl>\n\t\t\t<br style='clear: both' \/>\n\t\t<\/div>\n\n","protected":false},"excerpt":{"rendered":"<p>Geburtsstunde Ausgehend von den Leistungsm\u00e4rschen f\u00fcr Jugendliche wurde vor ca. 20 Jahren die Idee eines Leistungsmarsches f\u00fcr Erwachsene geboren. Nach einigen Jahren der Vorbereitung und Planung nahmen sich die Feuerwehren des Marktes Hirschaid (Lkr. Bamberg) der Sache an und richteten &hellip; <a href=\"http:\/\/www.ffwschwebheim.de\/?p=5782\">Weiterlesen <span class=\"meta-nav\">&rarr;<\/span><\/a><\/p>\n","protected":false},"author":3,"featured_media":0,"comment_status":"closed","ping_status":"open","sticky":false,"template":"","format":"standard","meta":[],"categories":[29,21],"tags":[],"_links":{"self":[{"href":"http:\/\/www.ffwschwebheim.de\/index.php?rest_route=\/wp\/v2\/posts\/5782"}],"collection":[{"href":"http:\/\/www.ffwschwebheim.de\/index.php?rest_route=\/wp\/v2\/posts"}],"about":[{"href":"http:\/\/www.ffwschwebheim.de\/index.php?rest_route=\/wp\/v2\/types\/post"}],"author":[{"embeddable":true,"href":"http:\/\/www.ffwschwebheim.de\/index.php?rest_route=\/wp\/v2\/users\/3"}],"replies":[{"embeddable":true,"href":"http:\/\/www.ffwschwebheim.de\/index.php?rest_route=%2Fwp%2Fv2%2Fcomments&post=5782"}],"version-history":[{"count":6,"href":"http:\/\/www.ffwschwebheim.de\/index.php?rest_route=\/wp\/v2\/posts\/5782\/revisions"}],"predecessor-version":[{"id":5799,"href":"http:\/\/www.ffwschwebheim.de\/index.php?rest_route=\/wp\/v2\/posts\/5782\/revisions\/5799"}],"wp:attachment":[{"href":"http:\/\/www.ffwschwebheim.de\/index.php?rest_route=%2Fwp%2Fv2%2Fmedia&parent=5782"}],"wp:term":[{"taxonomy":"category","embeddable":true,"href":"http:\/\/www.ffwschwebheim.de\/index.php?rest_route=%2Fwp%2Fv2%2Fcategories&post=5782"},{"taxonomy":"post_tag","embeddable":true,"href":"http:\/\/www.ffwschwebheim.de\/index.php?rest_route=%2Fwp%2Fv2%2Ftags&post=5782"}],"curies":[{"name":"wp","href":"https:\/\/api.w.org\/{rel}","templated":true}]}}