{"id":2485,"date":"2013-05-19T19:16:36","date_gmt":"2013-05-19T19:16:36","guid":{"rendered":"http:\/\/www.ffwschwebheim.de\/?p=2485"},"modified":"2013-05-23T19:50:42","modified_gmt":"2013-05-23T19:50:42","slug":"classic-rallye-am-sonntag-19-05-2013","status":"publish","type":"post","link":"http:\/\/www.ffwschwebheim.de\/?p=2485","title":{"rendered":"Classic Rallye am Sonntag, 19.05.2013"},"content":{"rendered":"<p><strong>Dieses mal auch in Schwebheim<\/strong><\/p>\n<p>Bereits zum 14.mal fand heuer die Sachs-Franken-Classic Rallye statt, dieses mal auch mit einer Station in Schwebheim. Die ca. 150 Teilnehmer mit ihren historischen Fahrzeugen fuhren in der Nachmittagszeit den Kirchplatz an. Dort wurden die Fahrer und ihre Autos kurz vorgestellt. Vor dem Rathaus mussten die Teams eine Zeitfahr\u00fcbung absolvieren. Dabei galt es eine markierte Strecke in m\u00f6glichst genau 6,0 Sekunden zu fahren. Danach drehten die Oldtimer noch einige Schaurunden um den Kirchplatz um anschlie\u00dfend ihre Rallye in Richtung Schweinfurt fortzusetzen.<\/p>\n<p>&nbsp;<\/p>\n<p><strong>Die Feuerwehr<\/strong><\/p>\n<p>Die Feuerwehr unterst\u00fctzte die Veranstaltung durch Absperrma\u00dfnahmen und durch eine Verpflegungsstation f\u00fcr Zuschauer. Aufgrund des pr\u00e4chtigen Wetters fanden \u00fcberraschend viele Schwebheimer den Weg zum Kirchplatz.<\/p>\n<p>&nbsp;<\/p>\n<p><strong>Links:<\/strong><\/p>\n<ul>\n<li><a title=\"Sachs-Franken-Classic \" href=\"http:\/\/sachs-franken-classic.de\/startseite.html\" target=\"_blank\">Sachs-Franken-Classic\u00a0<\/a><\/li>\n<\/ul>\n<p>&nbsp;<\/p>\n\n\t\t<style type=\"text\/css\">\n\t\t\t#gallery-1 {\n\t\t\t\tmargin: auto;\n\t\t\t}\n\t\t\t#gallery-1 .gallery-item {\n\t\t\t\tfloat: left;\n\t\t\t\tmargin-top: 10px;\n\t\t\t\ttext-align: center;\n\t\t\t\twidth: 33%;\n\t\t\t}\n\t\t\t#gallery-1 img {\n\t\t\t\tborder: 2px solid #cfcfcf;\n\t\t\t}\n\t\t\t#gallery-1 .gallery-caption {\n\t\t\t\tmargin-left: 0;\n\t\t\t}\n\t\t\t\/* see gallery_shortcode() in wp-includes\/media.php *\/\n\t\t<\/style>\n\t\t<div id='gallery-1' class='gallery galleryid-2485 gallery-columns-3 gallery-size-thumbnail'><dl class='gallery-item'>\n\t\t\t<dt class='gallery-icon landscape'>\n\t\t\t\t<a href='http:\/\/www.ffwschwebheim.de\/?attachment_id=2525'><img width=\"150\" height=\"150\" src=\"http:\/\/www.ffwschwebheim.de\/wp-content\/uploads\/2013\/05\/DSC01323-150x150.jpg\" class=\"attachment-thumbnail size-thumbnail\" alt=\"\" decoding=\"async\" loading=\"lazy\" \/><\/a>\n\t\t\t<\/dt><\/dl><dl class='gallery-item'>\n\t\t\t<dt class='gallery-icon landscape'>\n\t\t\t\t<a href='http:\/\/www.ffwschwebheim.de\/?attachment_id=2526'><img width=\"150\" height=\"150\" src=\"http:\/\/www.ffwschwebheim.de\/wp-content\/uploads\/2013\/05\/DSC01325-150x150.jpg\" class=\"attachment-thumbnail size-thumbnail\" alt=\"\" decoding=\"async\" loading=\"lazy\" \/><\/a>\n\t\t\t<\/dt><\/dl><dl class='gallery-item'>\n\t\t\t<dt class='gallery-icon landscape'>\n\t\t\t\t<a href='http:\/\/www.ffwschwebheim.de\/?attachment_id=2527'><img width=\"150\" height=\"150\" src=\"http:\/\/www.ffwschwebheim.de\/wp-content\/uploads\/2013\/05\/DSC01337-150x150.jpg\" class=\"attachment-thumbnail size-thumbnail\" alt=\"\" decoding=\"async\" loading=\"lazy\" \/><\/a>\n\t\t\t<\/dt><\/dl><br style=\"clear: both\" \/><dl class='gallery-item'>\n\t\t\t<dt class='gallery-icon landscape'>\n\t\t\t\t<a href='http:\/\/www.ffwschwebheim.de\/?attachment_id=2528'><img width=\"150\" height=\"150\" src=\"http:\/\/www.ffwschwebheim.de\/wp-content\/uploads\/2013\/05\/DSC01341-150x150.jpg\" class=\"attachment-thumbnail size-thumbnail\" alt=\"\" decoding=\"async\" loading=\"lazy\" \/><\/a>\n\t\t\t<\/dt><\/dl><dl class='gallery-item'>\n\t\t\t<dt class='gallery-icon landscape'>\n\t\t\t\t<a href='http:\/\/www.ffwschwebheim.de\/?attachment_id=2529'><img width=\"150\" height=\"150\" src=\"http:\/\/www.ffwschwebheim.de\/wp-content\/uploads\/2013\/05\/DSC01344-150x150.jpg\" class=\"attachment-thumbnail size-thumbnail\" alt=\"\" decoding=\"async\" loading=\"lazy\" \/><\/a>\n\t\t\t<\/dt><\/dl><dl class='gallery-item'>\n\t\t\t<dt class='gallery-icon landscape'>\n\t\t\t\t<a href='http:\/\/www.ffwschwebheim.de\/?attachment_id=2530'><img width=\"150\" height=\"150\" src=\"http:\/\/www.ffwschwebheim.de\/wp-content\/uploads\/2013\/05\/DSC01351-150x150.jpg\" class=\"attachment-thumbnail size-thumbnail\" alt=\"\" decoding=\"async\" loading=\"lazy\" \/><\/a>\n\t\t\t<\/dt><\/dl><br style=\"clear: both\" \/><dl class='gallery-item'>\n\t\t\t<dt class='gallery-icon landscape'>\n\t\t\t\t<a href='http:\/\/www.ffwschwebheim.de\/?attachment_id=2531'><img width=\"150\" height=\"150\" src=\"http:\/\/www.ffwschwebheim.de\/wp-content\/uploads\/2013\/05\/DSC01352-150x150.jpg\" class=\"attachment-thumbnail size-thumbnail\" alt=\"\" decoding=\"async\" loading=\"lazy\" \/><\/a>\n\t\t\t<\/dt><\/dl><dl class='gallery-item'>\n\t\t\t<dt class='gallery-icon landscape'>\n\t\t\t\t<a href='http:\/\/www.ffwschwebheim.de\/?attachment_id=2532'><img width=\"150\" height=\"150\" src=\"http:\/\/www.ffwschwebheim.de\/wp-content\/uploads\/2013\/05\/DSC01353-150x150.jpg\" class=\"attachment-thumbnail size-thumbnail\" alt=\"\" decoding=\"async\" loading=\"lazy\" \/><\/a>\n\t\t\t<\/dt><\/dl><dl class='gallery-item'>\n\t\t\t<dt class='gallery-icon landscape'>\n\t\t\t\t<a href='http:\/\/www.ffwschwebheim.de\/?attachment_id=2533'><img width=\"150\" height=\"150\" src=\"http:\/\/www.ffwschwebheim.de\/wp-content\/uploads\/2013\/05\/eDSC01318-150x150.jpg\" class=\"attachment-thumbnail size-thumbnail\" alt=\"\" decoding=\"async\" loading=\"lazy\" \/><\/a>\n\t\t\t<\/dt><\/dl><br style=\"clear: both\" \/><dl class='gallery-item'>\n\t\t\t<dt class='gallery-icon landscape'>\n\t\t\t\t<a href='http:\/\/www.ffwschwebheim.de\/?attachment_id=2534'><img width=\"150\" height=\"150\" src=\"http:\/\/www.ffwschwebheim.de\/wp-content\/uploads\/2013\/05\/MBSW1259_3-150x150.jpg\" class=\"attachment-thumbnail size-thumbnail\" alt=\"\" decoding=\"async\" loading=\"lazy\" \/><\/a>\n\t\t\t<\/dt><\/dl><dl class='gallery-item'>\n\t\t\t<dt class='gallery-icon landscape'>\n\t\t\t\t<a href='http:\/\/www.ffwschwebheim.de\/?attachment_id=2535'><img width=\"150\" height=\"150\" src=\"http:\/\/www.ffwschwebheim.de\/wp-content\/uploads\/2013\/05\/MBSW1261_3-150x150.jpg\" class=\"attachment-thumbnail size-thumbnail\" alt=\"\" decoding=\"async\" loading=\"lazy\" \/><\/a>\n\t\t\t<\/dt><\/dl><dl class='gallery-item'>\n\t\t\t<dt class='gallery-icon landscape'>\n\t\t\t\t<a href='http:\/\/www.ffwschwebheim.de\/?attachment_id=2536'><img width=\"150\" height=\"150\" src=\"http:\/\/www.ffwschwebheim.de\/wp-content\/uploads\/2013\/05\/MBSW1263_3-150x150.jpg\" class=\"attachment-thumbnail size-thumbnail\" alt=\"\" decoding=\"async\" loading=\"lazy\" \/><\/a>\n\t\t\t<\/dt><\/dl><br style=\"clear: both\" \/><dl class='gallery-item'>\n\t\t\t<dt class='gallery-icon landscape'>\n\t\t\t\t<a href='http:\/\/www.ffwschwebheim.de\/?attachment_id=2537'><img width=\"150\" height=\"150\" src=\"http:\/\/www.ffwschwebheim.de\/wp-content\/uploads\/2013\/05\/MBSW1264_3-150x150.jpg\" class=\"attachment-thumbnail size-thumbnail\" alt=\"\" decoding=\"async\" loading=\"lazy\" \/><\/a>\n\t\t\t<\/dt><\/dl><dl class='gallery-item'>\n\t\t\t<dt class='gallery-icon landscape'>\n\t\t\t\t<a href='http:\/\/www.ffwschwebheim.de\/?attachment_id=2538'><img width=\"150\" height=\"150\" src=\"http:\/\/www.ffwschwebheim.de\/wp-content\/uploads\/2013\/05\/MBSW1265_3-150x150.jpg\" class=\"attachment-thumbnail size-thumbnail\" alt=\"\" decoding=\"async\" loading=\"lazy\" \/><\/a>\n\t\t\t<\/dt><\/dl><dl class='gallery-item'>\n\t\t\t<dt class='gallery-icon landscape'>\n\t\t\t\t<a href='http:\/\/www.ffwschwebheim.de\/?attachment_id=2539'><img width=\"150\" height=\"150\" src=\"http:\/\/www.ffwschwebheim.de\/wp-content\/uploads\/2013\/05\/MBSW1266_3-150x150.jpg\" class=\"attachment-thumbnail size-thumbnail\" alt=\"\" decoding=\"async\" loading=\"lazy\" \/><\/a>\n\t\t\t<\/dt><\/dl><br style=\"clear: both\" \/><dl class='gallery-item'>\n\t\t\t<dt class='gallery-icon landscape'>\n\t\t\t\t<a href='http:\/\/www.ffwschwebheim.de\/?attachment_id=2540'><img width=\"150\" height=\"150\" src=\"http:\/\/www.ffwschwebheim.de\/wp-content\/uploads\/2013\/05\/MBSW1267_3-150x150.jpg\" class=\"attachment-thumbnail size-thumbnail\" alt=\"\" decoding=\"async\" loading=\"lazy\" \/><\/a>\n\t\t\t<\/dt><\/dl><dl class='gallery-item'>\n\t\t\t<dt class='gallery-icon landscape'>\n\t\t\t\t<a href='http:\/\/www.ffwschwebheim.de\/?attachment_id=2541'><img width=\"150\" height=\"150\" src=\"http:\/\/www.ffwschwebheim.de\/wp-content\/uploads\/2013\/05\/MBSW1269_3-150x150.jpg\" class=\"attachment-thumbnail size-thumbnail\" alt=\"\" decoding=\"async\" loading=\"lazy\" \/><\/a>\n\t\t\t<\/dt><\/dl><dl class='gallery-item'>\n\t\t\t<dt class='gallery-icon landscape'>\n\t\t\t\t<a href='http:\/\/www.ffwschwebheim.de\/?attachment_id=2542'><img width=\"150\" height=\"150\" src=\"http:\/\/www.ffwschwebheim.de\/wp-content\/uploads\/2013\/05\/MBSW1270_3-150x150.jpg\" class=\"attachment-thumbnail size-thumbnail\" alt=\"\" decoding=\"async\" loading=\"lazy\" \/><\/a>\n\t\t\t<\/dt><\/dl><br style=\"clear: both\" \/><dl class='gallery-item'>\n\t\t\t<dt class='gallery-icon landscape'>\n\t\t\t\t<a href='http:\/\/www.ffwschwebheim.de\/?attachment_id=2543'><img width=\"150\" height=\"150\" src=\"http:\/\/www.ffwschwebheim.de\/wp-content\/uploads\/2013\/05\/xDSC01317-150x150.jpg\" class=\"attachment-thumbnail size-thumbnail\" alt=\"\" decoding=\"async\" loading=\"lazy\" \/><\/a>\n\t\t\t<\/dt><\/dl>\n\t\t\t<br style='clear: both' \/>\n\t\t<\/div>\n\n","protected":false},"excerpt":{"rendered":"<p>Dieses mal auch in Schwebheim Bereits zum 14.mal fand heuer die Sachs-Franken-Classic Rallye statt, dieses mal auch mit einer Station in Schwebheim. Die ca. 150 Teilnehmer mit ihren historischen Fahrzeugen fuhren in der Nachmittagszeit den Kirchplatz an. Dort wurden die &hellip; <a href=\"http:\/\/www.ffwschwebheim.de\/?p=2485\">Weiterlesen <span class=\"meta-nav\">&rarr;<\/span><\/a><\/p>\n","protected":false},"author":3,"featured_media":0,"comment_status":"closed","ping_status":"open","sticky":false,"template":"","format":"standard","meta":[],"categories":[23,21],"tags":[],"_links":{"self":[{"href":"http:\/\/www.ffwschwebheim.de\/index.php?rest_route=\/wp\/v2\/posts\/2485"}],"collection":[{"href":"http:\/\/www.ffwschwebheim.de\/index.php?rest_route=\/wp\/v2\/posts"}],"about":[{"href":"http:\/\/www.ffwschwebheim.de\/index.php?rest_route=\/wp\/v2\/types\/post"}],"author":[{"embeddable":true,"href":"http:\/\/www.ffwschwebheim.de\/index.php?rest_route=\/wp\/v2\/users\/3"}],"replies":[{"embeddable":true,"href":"http:\/\/www.ffwschwebheim.de\/index.php?rest_route=%2Fwp%2Fv2%2Fcomments&post=2485"}],"version-history":[{"count":3,"href":"http:\/\/www.ffwschwebheim.de\/index.php?rest_route=\/wp\/v2\/posts\/2485\/revisions"}],"predecessor-version":[{"id":2546,"href":"http:\/\/www.ffwschwebheim.de\/index.php?rest_route=\/wp\/v2\/posts\/2485\/revisions\/2546"}],"wp:attachment":[{"href":"http:\/\/www.ffwschwebheim.de\/index.php?rest_route=%2Fwp%2Fv2%2Fmedia&parent=2485"}],"wp:term":[{"taxonomy":"category","embeddable":true,"href":"http:\/\/www.ffwschwebheim.de\/index.php?rest_route=%2Fwp%2Fv2%2Fcategories&post=2485"},{"taxonomy":"post_tag","embeddable":true,"href":"http:\/\/www.ffwschwebheim.de\/index.php?rest_route=%2Fwp%2Fv2%2Ftags&post=2485"}],"curies":[{"name":"wp","href":"https:\/\/api.w.org\/{rel}","templated":true}]}}