{"id":2472,"date":"2013-05-18T19:38:24","date_gmt":"2013-05-18T19:38:24","guid":{"rendered":"http:\/\/www.ffwschwebheim.de\/?p=2472"},"modified":"2013-05-20T20:18:33","modified_gmt":"2013-05-20T20:18:33","slug":"leistungsprufung-thl-am-samstag-18-05-2013","status":"publish","type":"post","link":"http:\/\/www.ffwschwebheim.de\/?p=2472","title":{"rendered":"Leistungspr\u00fcfung THL am Samstag, 18.05.2013"},"content":{"rendered":"<p><strong>\u00dcben \u00dcben \u00dcben<\/strong><\/p>\n<p>Gut zwei Wochen nahmen sich die Wehrm\u00e4nner Zeit f\u00fcr die anstehende Leistungspr\u00fcfung intensiv zu \u00fcben. An mehreren Abenden und Samstagen wurden die Aufgaben einstudiert. Als Hauptaufgabe wird ein Verkehrsunfall angenommen, bei dem der Fahrer im Fu\u00dfraum eingeklemmt ist, ein Szenario, welches sich in Deutschland vermutlich t\u00e4glich ereignet. Die Gruppe mu\u00df eine Verkehrsabsicherung erstellen, die Einsatzstelle mit Scheinwerfern ausleuchten, die notwendigen Ger\u00e4te und Werkzeuge vorbringen, den Verletzten betreuen und den Brandschutz sicherstellen. F\u00fcr diese Aufgaben stehen 240 Sekunden zur Verf\u00fcgung, beginnend mit dem Befehl zum Absitzen vom Fahrzeug bis zur vollst\u00e4ndigen Ausf\u00fchrung der Aufgaben. Die Leistungspr\u00fcfung wird nacheinander in 6 Stufen abgelegt, wobei der Schwierigkeitsgrad durch Zusatzaufgaben wie dem Erkennen von Gefahrensymbolen oder einer zuf\u00e4llig ausgew\u00e4hlen Aufgabe aus dem Bereich der Ger\u00e4tekunde nach und nach steigt. Die Stufen werden mit einem Abstand von mindestens 2 Jahren abgelegt.<\/p>\n<p>&nbsp;<\/p>\n<p><strong>Abnahme<\/strong><\/p>\n<p>Am Tag der Abnahme legten die 12 Teilnehmer aufgeteilt in zwei Gruppen die Leistungspr\u00fcfung innerhalb der H\u00f6chstzeit mit bravour ab. Die anwesende Inspektion konnte so die Abzeichen der erreichten Stufen \u00fcbergeben und den Teilnehmern gratulieren. Drei der Teilnehmer nahmen das erste mal teil und erhielten das erste Abzeichen in Bronze.<\/p>\n<p>&nbsp;<\/p>\n<p><strong>Links<\/strong><\/p>\n<ul>\n<li>\u00a0<a title=\"Leistungspr\u00fcfung bei der Feuerwehrschule W\u00fcrzburg (mit Videos)\" href=\"http:\/\/www.sfs-w.de\/leistungspruefung_info\/hilfeleistung\/index.html\" target=\"_blank\">Leistungspr\u00fcfung bei der Feuerwehrschule W\u00fcrzburg (mit Videos)<\/a><\/li>\n<\/ul>\n<p>&nbsp;<\/p>\n\n\t\t<style type=\"text\/css\">\n\t\t\t#gallery-1 {\n\t\t\t\tmargin: auto;\n\t\t\t}\n\t\t\t#gallery-1 .gallery-item {\n\t\t\t\tfloat: left;\n\t\t\t\tmargin-top: 10px;\n\t\t\t\ttext-align: center;\n\t\t\t\twidth: 33%;\n\t\t\t}\n\t\t\t#gallery-1 img {\n\t\t\t\tborder: 2px solid #cfcfcf;\n\t\t\t}\n\t\t\t#gallery-1 .gallery-caption {\n\t\t\t\tmargin-left: 0;\n\t\t\t}\n\t\t\t\/* see gallery_shortcode() in wp-includes\/media.php *\/\n\t\t<\/style>\n\t\t<div id='gallery-1' class='gallery galleryid-2472 gallery-columns-3 gallery-size-thumbnail'><dl class='gallery-item'>\n\t\t\t<dt class='gallery-icon portrait'>\n\t\t\t\t<a href='http:\/\/www.ffwschwebheim.de\/?attachment_id=2473'><img width=\"150\" height=\"150\" src=\"http:\/\/www.ffwschwebheim.de\/wp-content\/uploads\/2013\/05\/LP1-150x150.jpg\" class=\"attachment-thumbnail size-thumbnail\" alt=\"\" decoding=\"async\" loading=\"lazy\" \/><\/a>\n\t\t\t<\/dt><\/dl><dl class='gallery-item'>\n\t\t\t<dt class='gallery-icon landscape'>\n\t\t\t\t<a href='http:\/\/www.ffwschwebheim.de\/?attachment_id=2474'><img width=\"150\" height=\"150\" src=\"http:\/\/www.ffwschwebheim.de\/wp-content\/uploads\/2013\/05\/LP2-150x150.jpg\" class=\"attachment-thumbnail size-thumbnail\" alt=\"\" decoding=\"async\" loading=\"lazy\" \/><\/a>\n\t\t\t<\/dt><\/dl><dl class='gallery-item'>\n\t\t\t<dt class='gallery-icon landscape'>\n\t\t\t\t<a href='http:\/\/www.ffwschwebheim.de\/?attachment_id=2475'><img width=\"150\" height=\"150\" src=\"http:\/\/www.ffwschwebheim.de\/wp-content\/uploads\/2013\/05\/LP3-150x150.jpg\" class=\"attachment-thumbnail size-thumbnail\" alt=\"\" decoding=\"async\" loading=\"lazy\" \/><\/a>\n\t\t\t<\/dt><\/dl><br style=\"clear: both\" \/><dl class='gallery-item'>\n\t\t\t<dt class='gallery-icon portrait'>\n\t\t\t\t<a href='http:\/\/www.ffwschwebheim.de\/?attachment_id=2476'><img width=\"150\" height=\"150\" src=\"http:\/\/www.ffwschwebheim.de\/wp-content\/uploads\/2013\/05\/LP4-150x150.jpg\" class=\"attachment-thumbnail size-thumbnail\" alt=\"\" decoding=\"async\" loading=\"lazy\" \/><\/a>\n\t\t\t<\/dt><\/dl><dl class='gallery-item'>\n\t\t\t<dt class='gallery-icon landscape'>\n\t\t\t\t<a href='http:\/\/www.ffwschwebheim.de\/?attachment_id=2477'><img width=\"150\" height=\"150\" src=\"http:\/\/www.ffwschwebheim.de\/wp-content\/uploads\/2013\/05\/LP5-150x150.jpg\" class=\"attachment-thumbnail size-thumbnail\" alt=\"\" decoding=\"async\" loading=\"lazy\" \/><\/a>\n\t\t\t<\/dt><\/dl><dl class='gallery-item'>\n\t\t\t<dt class='gallery-icon landscape'>\n\t\t\t\t<a href='http:\/\/www.ffwschwebheim.de\/?attachment_id=2478'><img width=\"150\" height=\"150\" src=\"http:\/\/www.ffwschwebheim.de\/wp-content\/uploads\/2013\/05\/LP6-150x150.jpg\" class=\"attachment-thumbnail size-thumbnail\" alt=\"\" decoding=\"async\" loading=\"lazy\" \/><\/a>\n\t\t\t<\/dt><\/dl><br style=\"clear: both\" \/><dl class='gallery-item'>\n\t\t\t<dt class='gallery-icon landscape'>\n\t\t\t\t<a href='http:\/\/www.ffwschwebheim.de\/?attachment_id=2479'><img width=\"150\" height=\"150\" src=\"http:\/\/www.ffwschwebheim.de\/wp-content\/uploads\/2013\/05\/Leistungspr\u00fcfung-2013-THL-Gruppenbild-f\u00fcr-Zeitung-150x150.jpg\" class=\"attachment-thumbnail size-thumbnail\" alt=\"\" decoding=\"async\" loading=\"lazy\" \/><\/a>\n\t\t\t<\/dt><\/dl>\n\t\t\t<br style='clear: both' \/>\n\t\t<\/div>\n\n","protected":false},"excerpt":{"rendered":"<p>\u00dcben \u00dcben \u00dcben Gut zwei Wochen nahmen sich die Wehrm\u00e4nner Zeit f\u00fcr die anstehende Leistungspr\u00fcfung intensiv zu \u00fcben. An mehreren Abenden und Samstagen wurden die Aufgaben einstudiert. Als Hauptaufgabe wird ein Verkehrsunfall angenommen, bei dem der Fahrer im Fu\u00dfraum eingeklemmt &hellip; <a href=\"http:\/\/www.ffwschwebheim.de\/?p=2472\">Weiterlesen <span class=\"meta-nav\">&rarr;<\/span><\/a><\/p>\n","protected":false},"author":3,"featured_media":0,"comment_status":"closed","ping_status":"open","sticky":false,"template":"","format":"standard","meta":[],"categories":[23,21],"tags":[],"_links":{"self":[{"href":"http:\/\/www.ffwschwebheim.de\/index.php?rest_route=\/wp\/v2\/posts\/2472"}],"collection":[{"href":"http:\/\/www.ffwschwebheim.de\/index.php?rest_route=\/wp\/v2\/posts"}],"about":[{"href":"http:\/\/www.ffwschwebheim.de\/index.php?rest_route=\/wp\/v2\/types\/post"}],"author":[{"embeddable":true,"href":"http:\/\/www.ffwschwebheim.de\/index.php?rest_route=\/wp\/v2\/users\/3"}],"replies":[{"embeddable":true,"href":"http:\/\/www.ffwschwebheim.de\/index.php?rest_route=%2Fwp%2Fv2%2Fcomments&post=2472"}],"version-history":[{"count":4,"href":"http:\/\/www.ffwschwebheim.de\/index.php?rest_route=\/wp\/v2\/posts\/2472\/revisions"}],"predecessor-version":[{"id":2483,"href":"http:\/\/www.ffwschwebheim.de\/index.php?rest_route=\/wp\/v2\/posts\/2472\/revisions\/2483"}],"wp:attachment":[{"href":"http:\/\/www.ffwschwebheim.de\/index.php?rest_route=%2Fwp%2Fv2%2Fmedia&parent=2472"}],"wp:term":[{"taxonomy":"category","embeddable":true,"href":"http:\/\/www.ffwschwebheim.de\/index.php?rest_route=%2Fwp%2Fv2%2Fcategories&post=2472"},{"taxonomy":"post_tag","embeddable":true,"href":"http:\/\/www.ffwschwebheim.de\/index.php?rest_route=%2Fwp%2Fv2%2Ftags&post=2472"}],"curies":[{"name":"wp","href":"https:\/\/api.w.org\/{rel}","templated":true}]}}