{"id":2313,"date":"2013-04-01T17:37:14","date_gmt":"2013-04-01T17:37:14","guid":{"rendered":"http:\/\/www.ffwschwebheim.de\/?p=2313"},"modified":"2013-04-03T17:21:00","modified_gmt":"2013-04-03T17:21:00","slug":"4-einsatz-vu-mit-eingeklemmter-person-ortsausgang-richtung-unterspiesheim-am-01-04-2012-um-1737-uhr","status":"publish","type":"post","link":"http:\/\/www.ffwschwebheim.de\/?p=2313","title":{"rendered":"4. Einsatz VU mit eingeklemmter Person Ortsausgang Richtung Unterspiesheim am 01.04.2012 um 17:37  Uhr"},"content":{"rendered":"<p>Verkehrsunfall mit zwei Pkw&#8217;s.Laut Alarmierung eine Person eingeklemmt. Nach eintreffen der Feuerwehren Schwebheim und R\u00f6thlein war die Person bereits befreit.<\/p>\n<p>Stoppschild missachtet<\/p>\n<p>An der Kreuzung der Hauptstra\u00dfe zur Schwebheimer Stra\u00dfe verursachte am Montag gegen 17.30 Uhr ein 44-j\u00e4hriger Autofahrer einen Verkehrsunfall, bei dem ein Mann verletzt wurde. Von Grettstadt kommend, hatte er nach Angaben der Polizei am Stoppschild nicht angehalten und war in die Kreuzung eingefahren. Dort kollidierte er mit dem VW Polo eines 50-J\u00e4hrigen. Der Verletzte wurde in ein Krankenhaus gebracht. Beide Fahrzeuge mussten abgeschleppt werden. Der Gesamtschaden wird von der Polizei auf 16 000 Euro gesch\u00e4tzt. Neben Notarzt und Polizei waren die Wehren Schwebheim, R\u00f6thlein und Unterspiesheim im Einsatz.<\/p>\n\n\t\t<style type=\"text\/css\">\n\t\t\t#gallery-1 {\n\t\t\t\tmargin: auto;\n\t\t\t}\n\t\t\t#gallery-1 .gallery-item {\n\t\t\t\tfloat: left;\n\t\t\t\tmargin-top: 10px;\n\t\t\t\ttext-align: center;\n\t\t\t\twidth: 33%;\n\t\t\t}\n\t\t\t#gallery-1 img {\n\t\t\t\tborder: 2px solid #cfcfcf;\n\t\t\t}\n\t\t\t#gallery-1 .gallery-caption {\n\t\t\t\tmargin-left: 0;\n\t\t\t}\n\t\t\t\/* see gallery_shortcode() in wp-includes\/media.php *\/\n\t\t<\/style>\n\t\t<div id='gallery-1' class='gallery galleryid-2313 gallery-columns-3 gallery-size-thumbnail'><dl class='gallery-item'>\n\t\t\t<dt class='gallery-icon landscape'>\n\t\t\t\t<a href='http:\/\/www.ffwschwebheim.de\/?attachment_id=2314'><img width=\"150\" height=\"150\" src=\"http:\/\/www.ffwschwebheim.de\/wp-content\/uploads\/2013\/04\/Foto-1-150x150.jpg\" class=\"attachment-thumbnail size-thumbnail\" alt=\"\" decoding=\"async\" loading=\"lazy\" \/><\/a>\n\t\t\t<\/dt><\/dl><dl class='gallery-item'>\n\t\t\t<dt class='gallery-icon landscape'>\n\t\t\t\t<a href='http:\/\/www.ffwschwebheim.de\/?attachment_id=2315'><img width=\"150\" height=\"150\" src=\"http:\/\/www.ffwschwebheim.de\/wp-content\/uploads\/2013\/04\/Foto-2-150x150.jpg\" class=\"attachment-thumbnail size-thumbnail\" alt=\"\" decoding=\"async\" loading=\"lazy\" \/><\/a>\n\t\t\t<\/dt><\/dl><dl class='gallery-item'>\n\t\t\t<dt class='gallery-icon landscape'>\n\t\t\t\t<a href='http:\/\/www.ffwschwebheim.de\/?attachment_id=2316'><img width=\"150\" height=\"150\" src=\"http:\/\/www.ffwschwebheim.de\/wp-content\/uploads\/2013\/04\/Foto-3-150x150.jpg\" class=\"attachment-thumbnail size-thumbnail\" alt=\"\" decoding=\"async\" loading=\"lazy\" \/><\/a>\n\t\t\t<\/dt><\/dl><br style=\"clear: both\" \/><dl class='gallery-item'>\n\t\t\t<dt class='gallery-icon landscape'>\n\t\t\t\t<a href='http:\/\/www.ffwschwebheim.de\/?attachment_id=2317'><img width=\"150\" height=\"150\" src=\"http:\/\/www.ffwschwebheim.de\/wp-content\/uploads\/2013\/04\/Foto-4-150x150.jpg\" class=\"attachment-thumbnail size-thumbnail\" alt=\"\" decoding=\"async\" loading=\"lazy\" \/><\/a>\n\t\t\t<\/dt><\/dl><dl class='gallery-item'>\n\t\t\t<dt class='gallery-icon landscape'>\n\t\t\t\t<a href='http:\/\/www.ffwschwebheim.de\/?attachment_id=2321'><img width=\"150\" height=\"150\" src=\"http:\/\/www.ffwschwebheim.de\/wp-content\/uploads\/2013\/04\/5-150x150.jpg\" class=\"attachment-thumbnail size-thumbnail\" alt=\"\" decoding=\"async\" loading=\"lazy\" \/><\/a>\n\t\t\t<\/dt><\/dl><dl class='gallery-item'>\n\t\t\t<dt class='gallery-icon landscape'>\n\t\t\t\t<a href='http:\/\/www.ffwschwebheim.de\/?attachment_id=2322'><img width=\"150\" height=\"150\" src=\"http:\/\/www.ffwschwebheim.de\/wp-content\/uploads\/2013\/04\/6-150x150.jpg\" class=\"attachment-thumbnail size-thumbnail\" alt=\"\" decoding=\"async\" loading=\"lazy\" \/><\/a>\n\t\t\t<\/dt><\/dl><br style=\"clear: both\" \/><dl class='gallery-item'>\n\t\t\t<dt class='gallery-icon landscape'>\n\t\t\t\t<a href='http:\/\/www.ffwschwebheim.de\/?attachment_id=2323'><img width=\"150\" height=\"150\" src=\"http:\/\/www.ffwschwebheim.de\/wp-content\/uploads\/2013\/04\/7-150x150.jpg\" class=\"attachment-thumbnail size-thumbnail\" alt=\"\" decoding=\"async\" loading=\"lazy\" \/><\/a>\n\t\t\t<\/dt><\/dl><dl class='gallery-item'>\n\t\t\t<dt class='gallery-icon landscape'>\n\t\t\t\t<a href='http:\/\/www.ffwschwebheim.de\/?attachment_id=2324'><img width=\"150\" height=\"150\" src=\"http:\/\/www.ffwschwebheim.de\/wp-content\/uploads\/2013\/04\/8-150x150.jpg\" class=\"attachment-thumbnail size-thumbnail\" alt=\"\" decoding=\"async\" loading=\"lazy\" \/><\/a>\n\t\t\t<\/dt><\/dl>\n\t\t\t<br style='clear: both' \/>\n\t\t<\/div>\n\n<p><strong>Eingesetzte Feuerwehren:<\/strong><\/p>\n<ul>\n<li>\u00a0Schwebheim 40\/1\u00a0 , 88\/1\u00a0 ,49\/1<\/li>\n<li>\u00a0R\u00f6thlein\u00a0 40\/1\u00a0 .11\/1<\/li>\n<li>\u00a0Unterspiesheim<\/li>\n<\/ul>\n","protected":false},"excerpt":{"rendered":"<p>Verkehrsunfall mit zwei Pkw&#8217;s.Laut Alarmierung eine Person eingeklemmt. Nach eintreffen der Feuerwehren Schwebheim und R\u00f6thlein war die Person bereits befreit. Stoppschild missachtet An der Kreuzung der Hauptstra\u00dfe zur Schwebheimer Stra\u00dfe verursachte am Montag gegen 17.30 Uhr ein 44-j\u00e4hriger Autofahrer einen &hellip; <a href=\"http:\/\/www.ffwschwebheim.de\/?p=2313\">Weiterlesen <span class=\"meta-nav\">&rarr;<\/span><\/a><\/p>\n","protected":false},"author":2,"featured_media":0,"comment_status":"closed","ping_status":"open","sticky":false,"template":"","format":"standard","meta":[],"categories":[17,22],"tags":[],"_links":{"self":[{"href":"http:\/\/www.ffwschwebheim.de\/index.php?rest_route=\/wp\/v2\/posts\/2313"}],"collection":[{"href":"http:\/\/www.ffwschwebheim.de\/index.php?rest_route=\/wp\/v2\/posts"}],"about":[{"href":"http:\/\/www.ffwschwebheim.de\/index.php?rest_route=\/wp\/v2\/types\/post"}],"author":[{"embeddable":true,"href":"http:\/\/www.ffwschwebheim.de\/index.php?rest_route=\/wp\/v2\/users\/2"}],"replies":[{"embeddable":true,"href":"http:\/\/www.ffwschwebheim.de\/index.php?rest_route=%2Fwp%2Fv2%2Fcomments&post=2313"}],"version-history":[{"count":5,"href":"http:\/\/www.ffwschwebheim.de\/index.php?rest_route=\/wp\/v2\/posts\/2313\/revisions"}],"predecessor-version":[{"id":2320,"href":"http:\/\/www.ffwschwebheim.de\/index.php?rest_route=\/wp\/v2\/posts\/2313\/revisions\/2320"}],"wp:attachment":[{"href":"http:\/\/www.ffwschwebheim.de\/index.php?rest_route=%2Fwp%2Fv2%2Fmedia&parent=2313"}],"wp:term":[{"taxonomy":"category","embeddable":true,"href":"http:\/\/www.ffwschwebheim.de\/index.php?rest_route=%2Fwp%2Fv2%2Fcategories&post=2313"},{"taxonomy":"post_tag","embeddable":true,"href":"http:\/\/www.ffwschwebheim.de\/index.php?rest_route=%2Fwp%2Fv2%2Ftags&post=2313"}],"curies":[{"name":"wp","href":"https:\/\/api.w.org\/{rel}","templated":true}]}}