{"id":2193,"date":"2013-01-21T21:47:08","date_gmt":"2013-01-21T21:47:08","guid":{"rendered":"http:\/\/www.ffwschwebheim.de\/?p=2193"},"modified":"2013-01-23T14:54:35","modified_gmt":"2013-01-23T14:54:35","slug":"2-einsatz-vermisstensuche-in-heidenfeld-am-21-01-2013-um-2147-uhr","status":"publish","type":"post","link":"http:\/\/www.ffwschwebheim.de\/?p=2193","title":{"rendered":"2. Einsatz        Vermisstensuche in Heidenfeld am 21.01.2013 um 21:47 Uhr"},"content":{"rendered":"<p>Riesenaufgebot an Such und Rettungsmannschaften!!<\/p>\n<h1>Zweist\u00fcndige Suchaktion<\/h1>\n<p>Vermisste 15-J\u00e4hrige aufgegriffen<\/p>\n<div>\n<div id=\"detailText\">\n<p>Unverletzt wieder gefunden worden ist am Montag eine 15-J\u00e4hrige, die aus einer Jugendeinrichtung im Landkreis abg\u00e4ngig war. Polizei, Feuerwehr, DLRG und Wasserwacht hatten in einer gro\u00df angelegten Suchaktion zwei Stunden lang nach ihr Ausschau gehalten.<\/p>\n<p>Kurz nach 21 Uhr war die Nachricht \u00fcber das zu Fu\u00df verschwundene M\u00e4dchen bei der Polizei eingegangen. Auf Grund der zun\u00e4chst unklaren Sachlache und der derzeit herrschenden Witterungsverh\u00e4ltnisse wurde sofort die h\u00f6chste Alarmierungsstufe \u201egefahren\u201c, an der sich neben allen im Dienst befindlichen Polizeikr\u00e4ften auch Diensthundef\u00fchrer mit speziell f\u00fcr die Vermisstensuche ausgebildeten Personensuchhunden beteiligten. Dar\u00fcber hinaus waren rund 100 Floriansj\u00fcnger mit ihren Einsatzfahrzeugen, der Rettungsdienst und ihre Hundestaffel, die Wasserwacht mit 50 Mann und einem Boot und die Bundespolizei zur Mitsuche alarmiert worden.<\/p>\n<p>Nach etwa zwei Stunden konnte die Gesuchte von einer DLRG-Besatzung auf der Mainbr\u00fccke in Bergrheinfeld angetroffen werden. Das M\u00e4dchen wurde danach in eine speziell f\u00fcr Jugendliche eingerichtete Klinik nach W\u00fcrzburg gebracht.<\/p>\n<p><span style=\"font-size: x-small;\"><strong>Quelle Mainpost<\/strong><\/span><\/p>\n<\/div>\n<\/div>\n<p><strong>Eingesetzte Feuerwehren:<\/strong><\/p>\n<ul>\n<li>Heidenfeld<\/li>\n<li>Grafenrheinfeld<\/li>\n<li>R\u00f6thlein<\/li>\n<li>Schwebheim<\/li>\n<li>Sennfeld<\/li>\n<\/ul>\n<p><strong>Weitere Such und Rettungskr\u00e4fte:<\/strong><\/p>\n<ul>\n<li>Einsatzleiter RD<\/li>\n<li>Wasserwacht Schweinfurt<\/li>\n<li>DLRG Gochsheim<\/li>\n<li>DLRG Schonungen<\/li>\n<li>DLRG Werneck<\/li>\n<li>Rettungshunde SW<\/li>\n<li>Rettungshunde RG<\/li>\n<li>Rettungshunde KG<\/li>\n<li>Rettungshunde HAS<\/li>\n<\/ul>\n<p><strong><br \/>\n<\/strong><\/p>\n","protected":false},"excerpt":{"rendered":"<p>Riesenaufgebot an Such und Rettungsmannschaften!! Zweist\u00fcndige Suchaktion Vermisste 15-J\u00e4hrige aufgegriffen Unverletzt wieder gefunden worden ist am Montag eine 15-J\u00e4hrige, die aus einer Jugendeinrichtung im Landkreis abg\u00e4ngig war. Polizei, Feuerwehr, DLRG und Wasserwacht hatten in einer gro\u00df angelegten Suchaktion zwei Stunden &hellip; <a href=\"http:\/\/www.ffwschwebheim.de\/?p=2193\">Weiterlesen <span class=\"meta-nav\">&rarr;<\/span><\/a><\/p>\n","protected":false},"author":2,"featured_media":0,"comment_status":"closed","ping_status":"open","sticky":false,"template":"","format":"standard","meta":[],"categories":[17,22],"tags":[],"_links":{"self":[{"href":"http:\/\/www.ffwschwebheim.de\/index.php?rest_route=\/wp\/v2\/posts\/2193"}],"collection":[{"href":"http:\/\/www.ffwschwebheim.de\/index.php?rest_route=\/wp\/v2\/posts"}],"about":[{"href":"http:\/\/www.ffwschwebheim.de\/index.php?rest_route=\/wp\/v2\/types\/post"}],"author":[{"embeddable":true,"href":"http:\/\/www.ffwschwebheim.de\/index.php?rest_route=\/wp\/v2\/users\/2"}],"replies":[{"embeddable":true,"href":"http:\/\/www.ffwschwebheim.de\/index.php?rest_route=%2Fwp%2Fv2%2Fcomments&post=2193"}],"version-history":[{"count":7,"href":"http:\/\/www.ffwschwebheim.de\/index.php?rest_route=\/wp\/v2\/posts\/2193\/revisions"}],"predecessor-version":[{"id":2195,"href":"http:\/\/www.ffwschwebheim.de\/index.php?rest_route=\/wp\/v2\/posts\/2193\/revisions\/2195"}],"wp:attachment":[{"href":"http:\/\/www.ffwschwebheim.de\/index.php?rest_route=%2Fwp%2Fv2%2Fmedia&parent=2193"}],"wp:term":[{"taxonomy":"category","embeddable":true,"href":"http:\/\/www.ffwschwebheim.de\/index.php?rest_route=%2Fwp%2Fv2%2Fcategories&post=2193"},{"taxonomy":"post_tag","embeddable":true,"href":"http:\/\/www.ffwschwebheim.de\/index.php?rest_route=%2Fwp%2Fv2%2Ftags&post=2193"}],"curies":[{"name":"wp","href":"https:\/\/api.w.org\/{rel}","templated":true}]}}