{"id":2115,"date":"2013-01-05T13:24:51","date_gmt":"2013-01-05T13:24:51","guid":{"rendered":"http:\/\/www.ffwschwebheim.de\/?p=2115"},"modified":"2013-01-06T15:08:46","modified_gmt":"2013-01-06T15:08:46","slug":"jahreshauptversammlung-am-samstag-05-01-2013","status":"publish","type":"post","link":"http:\/\/www.ffwschwebheim.de\/?p=2115","title":{"rendered":"Jahreshauptversammlung am Samstag, 05.01.2013"},"content":{"rendered":"<p><strong>Begr\u00fc\u00dfung<\/strong><\/p>\n<p>Der 1.Vorsitzende Martin Mai\u00df er\u00f6ffnete die Versammlung um 19:30 Uhr und begr\u00fc\u00dfte die anwesenden Feuerwehrkameraden, Vereinsmitglieder und G\u00e4ste. Insbesondere wurden der 1.B\u00fcrgermeister Hans Fischer, der 2.B\u00fcrgermeister Toni G\u00f6tschl, die Gemeinder\u00e4te, der amtierende Landrat Paul Heuler, der Kreisbrandrat Georg Vollmuth, der Kreisbrandinspektor Peter H\u00f6hn, der Kreisbrandmeister Mirco B\u00f6hm und Frau Ursula Lux von der Presse namentlich begr\u00fc\u00dft.<\/p>\n<p>&nbsp;<\/p>\n<p><strong>Hauptteil aktive Wehr<\/strong><\/p>\n<p>Der Kreisbrandrat Georg Vollmuth ehrte Michael Schubert f\u00fcr den \u00fcber 25 Jahre erbrachten aktiven Dienst und \u00fcberreichte ihm das Feuerwehrehrenkreuz.<\/p>\n<p>Der 1.Kommandant Harald B\u00f6hm gab einen R\u00fcckblick auf das vergangene Jahr. Es kam zu 23 Eins\u00e4tzen, bei denen in Summe 301 Dienststunden erbracht wurden. Die Eins\u00e4tze gliedern sich auf in:<\/p>\n<ul>\n<li>7x Technische Hilfeleistung (THL)<\/li>\n<li>6x Brandeinsatz<\/li>\n<li>2x Brandmeldeanlage (BMA)<\/li>\n<li>8x Sonstige Eins\u00e4tze<\/li>\n<\/ul>\n<p>Bei 63% der Eins\u00e4tze war die Freiwillige Feuerwehr Schwebheim \u00f6rtlich zust\u00e4ndig. Desweiteren wurde ein <a title=\"Fahrzeugweihe GW-L2 am Samstag, 17.11.2012\" href=\"http:\/\/www.ffwschwebheim.de\/?p=1790\" target=\"_blank\">neues Fahrzeug (GW-L2)<\/a> und eine neue K\u00fcche im Feuerwehrhaus angeschafft.<\/p>\n<p>Der 2.Kommandant Christian Stahn gab unter zuhilfenahme von Bild- und Videomaterial einen detaillierten R\u00fcckblick auf die einzelnen Eins\u00e4tze. Er stellte abschlie\u00dfend fest, das die Feuerwehr gebraucht wird.<\/p>\n<p>Der Gruppenf\u00fchrer der Gruppe 1, Peter Guse, berichtete, da\u00df seine Gruppe aus 18 Mann besteht. Es wurden im Jahr 2012 11 \u00dcbungen und eine Versammlung veranstaltet. Die \u00dcbungen umfassten die Themen THL und Brand. Die \u00dcbungsbeteiligung ist im letzten Jahr leicht gefallen, der Ausbildungsstand ist gut. Abschlie\u00dfend hob er die Wichtigkeit des Ehrenamts hervor.<\/p>\n<p>Der Gruppenf\u00fchrer der Gruppe 2, Michael Schur, berichtete von 10 veranstalteten \u00dcbungen. Die \u00dcbungsbeteiligung war gleichbleibend, der Ausbildungsstand ebenfalls gut. Er hob das veranstaltete Sommerfest hervor und bedankte sich bei seinem Stellvertreter und bei der F\u00fchrung der Freiwilligen Feuerwehr Schwebheim. Abschlie\u00dfend erl\u00e4uterte er das neue \u00dcbungsschmea f\u00fcr das Jahr 2013.<\/p>\n<p>Der Gruppenf\u00fchrer der Atemschutzgruppe Timo Speth erl\u00e4uterte das die Atemschutzgruppe aus 18 Mann besteht. Von diesen sind 2 leider nicht einsatzf\u00e4hig, da die notwenige Belastungs\u00fcbung nicht abgeleistet wurde. Es wurden 11 reine Atemschutz\u00fcbungen abgehalten und zwei mal die Atemschutzstrecke in Schweinfurt besucht. Er berichtete desweiteren von dem breiten \u00dcbungsspektrum und von den 4 Eins\u00e4tzen, bei denen der Einsatz von schwerem Atemschutz erforderlich war.<\/p>\n<p>Der Gruppenf\u00fchrer der Jugendgruppe Christian B\u00f6hm berichtete von 22 \u00dcbungen seiner Gruppe, die aus 14 Feuerwehranw\u00e4rtern besteht. Besonders hob er das Kartfahren hervor, bei dem die Jugend letztes Jahr mit teilgenommen hat und das den Teilnehmern viel Spa\u00df bereitet hat. Leider musste der Berufsfeuerwehrtag letztes Jahr ausfallen, da die Helfer durch die Beschaffung des neuen Autos, den Einbau der neuen K\u00fcche und anderen Arbeiten gebunden waren.<\/p>\n<p>Der 1.Kommandant Harald B\u00f6hm bef\u00f6rderte Jochen Barf, Daniel Bl\u00fcm, Nikolas F\u00f6rster und Michael Krebs zum Oberfeuerwehrmann. Desweiteren bef\u00f6rderte er Christian K\u00f6stler zum L\u00f6schmeister. Dienstaltersstreifen f\u00fcr 10 Jahre erhielt Mario Bayer, f\u00fcr 20 Jahre Mirco B\u00f6hm, Martin Mai\u00df, Christian Stahn und Peter Spiegel.<\/p>\n<p>Der 1.B\u00fcrgermeister Hans Fischer bedankte sich f\u00fcr die Arbeit, die im Zusammenhang mit der Beschaffung des neuen Feuerwehrautos erbracht wurde, f\u00fcr die Bereitschaft der Jugendlichen und bei allen aktiven Wehrleuten f\u00fcr ihren erbrachten Dienst.<\/p>\n<p>&nbsp;<\/p>\n<p><strong>Hauptteil Verein<\/strong><\/p>\n<p>Der 1.Vorsitzende Martin Mai\u00df gab einen bebilderten R\u00fcckblick auf die <a title=\"Veranstaltungen 2012\" href=\"http:\/\/www.ffwschwebheim.de\/?cat=18\" target=\"_blank\">Veranstaltungen des Jahres 2012<\/a>. Er bedankte sich bei den Helfern und erleuterte die f\u00fcr 2013 geplanten Aktivit\u00e4ten. Diese sind:<\/p>\n<ul>\n<li>9.2. Faschingstanz<\/li>\n<li>28.3. Waddelturnier<\/li>\n<li>9.5. Feuerwehrausflug<\/li>\n<li>2.8. &#8211; 4.8. 140.j\u00e4hriges Jubil\u00e4um<\/li>\n<li>25.10. Waddelturnier<\/li>\n<li>16.11. Schlachtsch\u00fcssel<\/li>\n<li>22.12. Weihnachtsessen<\/li>\n<\/ul>\n<p>Der Kassier Michael Schubert berichtete von den Ein- und Ausgaben des letzten Jahres. Das die Ausgaben mit ca. 4000,-\u20ac \u00fcberwogen, lag im Wesentlichen an der Beschaffung der neuen K\u00fcche im Feuerwehrhaus. Er bitte die Versammlung um Entlastung, die einstimmig erteilt wurde.<\/p>\n<p>Da die Schriftf\u00fchrerin Lisa Sch\u00e4fer nach 8 Jahren Dienstzeit bedingt durch ihr Studium nicht mehr in Schwebheim wohnt, musste sie leider ihr Amt niederlegen. Aus der Versammlung wurde Mario Bayer als Nachfolger vorgeschlagen. Dieser wurde von der Versammlung auf eine Dienstzeit von 6 Jahren gew\u00e4hlt.<\/p>\n<p>&nbsp;<\/p>\n<p><strong>Schlu\u00df<\/strong><\/p>\n<p>Da keine weiteren Wortmeldungen vorlagen wurde die Versammlung um 21:15 Uhr vom 1.Vorsitzenden geschlossen und ging in den gem\u00fctlichen Teil \u00fcber.<\/p>\n<p>&nbsp;<\/p>\n\n\t\t<style type=\"text\/css\">\n\t\t\t#gallery-1 {\n\t\t\t\tmargin: auto;\n\t\t\t}\n\t\t\t#gallery-1 .gallery-item {\n\t\t\t\tfloat: left;\n\t\t\t\tmargin-top: 10px;\n\t\t\t\ttext-align: center;\n\t\t\t\twidth: 33%;\n\t\t\t}\n\t\t\t#gallery-1 img {\n\t\t\t\tborder: 2px solid #cfcfcf;\n\t\t\t}\n\t\t\t#gallery-1 .gallery-caption {\n\t\t\t\tmargin-left: 0;\n\t\t\t}\n\t\t\t\/* see gallery_shortcode() in wp-includes\/media.php *\/\n\t\t<\/style>\n\t\t<div id='gallery-1' class='gallery galleryid-2115 gallery-columns-3 gallery-size-thumbnail'><dl class='gallery-item'>\n\t\t\t<dt class='gallery-icon landscape'>\n\t\t\t\t<a href='http:\/\/www.ffwschwebheim.de\/?attachment_id=2121'><img width=\"150\" height=\"150\" src=\"http:\/\/www.ffwschwebheim.de\/wp-content\/uploads\/2013\/01\/IMG_0085-150x150.jpg\" class=\"attachment-thumbnail size-thumbnail\" alt=\"\" decoding=\"async\" loading=\"lazy\" \/><\/a>\n\t\t\t<\/dt><\/dl><dl class='gallery-item'>\n\t\t\t<dt class='gallery-icon landscape'>\n\t\t\t\t<a href='http:\/\/www.ffwschwebheim.de\/?attachment_id=2122'><img width=\"150\" height=\"150\" src=\"http:\/\/www.ffwschwebheim.de\/wp-content\/uploads\/2013\/01\/IMG_0087-150x150.jpg\" class=\"attachment-thumbnail size-thumbnail\" alt=\"\" decoding=\"async\" loading=\"lazy\" \/><\/a>\n\t\t\t<\/dt><\/dl><dl class='gallery-item'>\n\t\t\t<dt class='gallery-icon landscape'>\n\t\t\t\t<a href='http:\/\/www.ffwschwebheim.de\/?attachment_id=2123'><img width=\"150\" height=\"150\" src=\"http:\/\/www.ffwschwebheim.de\/wp-content\/uploads\/2013\/01\/IMG_0088-150x150.jpg\" class=\"attachment-thumbnail size-thumbnail\" alt=\"\" decoding=\"async\" loading=\"lazy\" \/><\/a>\n\t\t\t<\/dt><\/dl><br style=\"clear: both\" \/><dl class='gallery-item'>\n\t\t\t<dt class='gallery-icon landscape'>\n\t\t\t\t<a href='http:\/\/www.ffwschwebheim.de\/?attachment_id=2124'><img width=\"150\" height=\"150\" src=\"http:\/\/www.ffwschwebheim.de\/wp-content\/uploads\/2013\/01\/IMG_0089-150x150.jpg\" class=\"attachment-thumbnail size-thumbnail\" alt=\"\" decoding=\"async\" loading=\"lazy\" \/><\/a>\n\t\t\t<\/dt><\/dl><dl class='gallery-item'>\n\t\t\t<dt class='gallery-icon landscape'>\n\t\t\t\t<a href='http:\/\/www.ffwschwebheim.de\/?attachment_id=2125'><img width=\"150\" height=\"150\" src=\"http:\/\/www.ffwschwebheim.de\/wp-content\/uploads\/2013\/01\/IMG_0090-150x150.jpg\" class=\"attachment-thumbnail size-thumbnail\" alt=\"\" decoding=\"async\" loading=\"lazy\" \/><\/a>\n\t\t\t<\/dt><\/dl><dl class='gallery-item'>\n\t\t\t<dt class='gallery-icon landscape'>\n\t\t\t\t<a href='http:\/\/www.ffwschwebheim.de\/?attachment_id=2126'><img width=\"150\" height=\"150\" src=\"http:\/\/www.ffwschwebheim.de\/wp-content\/uploads\/2013\/01\/IMG_0091-150x150.jpg\" class=\"attachment-thumbnail size-thumbnail\" alt=\"\" decoding=\"async\" loading=\"lazy\" \/><\/a>\n\t\t\t<\/dt><\/dl><br style=\"clear: both\" \/><dl class='gallery-item'>\n\t\t\t<dt class='gallery-icon landscape'>\n\t\t\t\t<a href='http:\/\/www.ffwschwebheim.de\/?attachment_id=2127'><img width=\"150\" height=\"150\" src=\"http:\/\/www.ffwschwebheim.de\/wp-content\/uploads\/2013\/01\/IMG_0092-150x150.jpg\" class=\"attachment-thumbnail size-thumbnail\" alt=\"\" decoding=\"async\" loading=\"lazy\" \/><\/a>\n\t\t\t<\/dt><\/dl><dl class='gallery-item'>\n\t\t\t<dt class='gallery-icon landscape'>\n\t\t\t\t<a href='http:\/\/www.ffwschwebheim.de\/?attachment_id=2128'><img width=\"150\" height=\"150\" src=\"http:\/\/www.ffwschwebheim.de\/wp-content\/uploads\/2013\/01\/IMG_0093-150x150.jpg\" class=\"attachment-thumbnail size-thumbnail\" alt=\"\" decoding=\"async\" loading=\"lazy\" \/><\/a>\n\t\t\t<\/dt><\/dl><dl class='gallery-item'>\n\t\t\t<dt class='gallery-icon landscape'>\n\t\t\t\t<a href='http:\/\/www.ffwschwebheim.de\/?attachment_id=2129'><img width=\"150\" height=\"150\" src=\"http:\/\/www.ffwschwebheim.de\/wp-content\/uploads\/2013\/01\/IMG_0095-150x150.jpg\" class=\"attachment-thumbnail size-thumbnail\" alt=\"\" decoding=\"async\" loading=\"lazy\" \/><\/a>\n\t\t\t<\/dt><\/dl><br style=\"clear: both\" \/><dl class='gallery-item'>\n\t\t\t<dt class='gallery-icon landscape'>\n\t\t\t\t<a href='http:\/\/www.ffwschwebheim.de\/?attachment_id=2130'><img width=\"150\" height=\"150\" src=\"http:\/\/www.ffwschwebheim.de\/wp-content\/uploads\/2013\/01\/IMG_0096-150x150.jpg\" class=\"attachment-thumbnail size-thumbnail\" alt=\"\" decoding=\"async\" loading=\"lazy\" \/><\/a>\n\t\t\t<\/dt><\/dl><dl class='gallery-item'>\n\t\t\t<dt class='gallery-icon landscape'>\n\t\t\t\t<a href='http:\/\/www.ffwschwebheim.de\/?attachment_id=2131'><img width=\"150\" height=\"150\" src=\"http:\/\/www.ffwschwebheim.de\/wp-content\/uploads\/2013\/01\/IMG_0098-150x150.jpg\" class=\"attachment-thumbnail size-thumbnail\" alt=\"\" decoding=\"async\" loading=\"lazy\" \/><\/a>\n\t\t\t<\/dt><\/dl><dl class='gallery-item'>\n\t\t\t<dt class='gallery-icon landscape'>\n\t\t\t\t<a href='http:\/\/www.ffwschwebheim.de\/?attachment_id=2132'><img width=\"150\" height=\"150\" src=\"http:\/\/www.ffwschwebheim.de\/wp-content\/uploads\/2013\/01\/IMG_0101-150x150.jpg\" class=\"attachment-thumbnail size-thumbnail\" alt=\"\" decoding=\"async\" loading=\"lazy\" \/><\/a>\n\t\t\t<\/dt><\/dl><br style=\"clear: both\" \/><dl class='gallery-item'>\n\t\t\t<dt class='gallery-icon landscape'>\n\t\t\t\t<a href='http:\/\/www.ffwschwebheim.de\/?attachment_id=2133'><img width=\"150\" height=\"150\" src=\"http:\/\/www.ffwschwebheim.de\/wp-content\/uploads\/2013\/01\/IMG_0103-150x150.jpg\" class=\"attachment-thumbnail size-thumbnail\" alt=\"\" decoding=\"async\" loading=\"lazy\" \/><\/a>\n\t\t\t<\/dt><\/dl><dl class='gallery-item'>\n\t\t\t<dt class='gallery-icon landscape'>\n\t\t\t\t<a href='http:\/\/www.ffwschwebheim.de\/?attachment_id=2134'><img width=\"150\" height=\"150\" src=\"http:\/\/www.ffwschwebheim.de\/wp-content\/uploads\/2013\/01\/IMG_0107-150x150.jpg\" class=\"attachment-thumbnail size-thumbnail\" alt=\"\" decoding=\"async\" loading=\"lazy\" \/><\/a>\n\t\t\t<\/dt><\/dl><dl class='gallery-item'>\n\t\t\t<dt class='gallery-icon landscape'>\n\t\t\t\t<a href='http:\/\/www.ffwschwebheim.de\/?attachment_id=2135'><img width=\"150\" height=\"150\" src=\"http:\/\/www.ffwschwebheim.de\/wp-content\/uploads\/2013\/01\/IMG_0110-150x150.jpg\" class=\"attachment-thumbnail size-thumbnail\" alt=\"\" decoding=\"async\" loading=\"lazy\" \/><\/a>\n\t\t\t<\/dt><\/dl><br style=\"clear: both\" \/><dl class='gallery-item'>\n\t\t\t<dt class='gallery-icon landscape'>\n\t\t\t\t<a href='http:\/\/www.ffwschwebheim.de\/?attachment_id=2136'><img width=\"150\" height=\"150\" src=\"http:\/\/www.ffwschwebheim.de\/wp-content\/uploads\/2013\/01\/IMG_0113-150x150.jpg\" class=\"attachment-thumbnail size-thumbnail\" alt=\"\" decoding=\"async\" loading=\"lazy\" \/><\/a>\n\t\t\t<\/dt><\/dl><dl class='gallery-item'>\n\t\t\t<dt class='gallery-icon landscape'>\n\t\t\t\t<a href='http:\/\/www.ffwschwebheim.de\/?attachment_id=2137'><img width=\"150\" height=\"150\" src=\"http:\/\/www.ffwschwebheim.de\/wp-content\/uploads\/2013\/01\/IMG_0115-150x150.jpg\" class=\"attachment-thumbnail size-thumbnail\" alt=\"\" decoding=\"async\" loading=\"lazy\" \/><\/a>\n\t\t\t<\/dt><\/dl><dl class='gallery-item'>\n\t\t\t<dt class='gallery-icon landscape'>\n\t\t\t\t<a href='http:\/\/www.ffwschwebheim.de\/?attachment_id=2138'><img width=\"150\" height=\"150\" src=\"http:\/\/www.ffwschwebheim.de\/wp-content\/uploads\/2013\/01\/IMG_0118-150x150.jpg\" class=\"attachment-thumbnail size-thumbnail\" alt=\"\" decoding=\"async\" loading=\"lazy\" \/><\/a>\n\t\t\t<\/dt><\/dl><br style=\"clear: both\" \/><dl class='gallery-item'>\n\t\t\t<dt class='gallery-icon landscape'>\n\t\t\t\t<a href='http:\/\/www.ffwschwebheim.de\/?attachment_id=2139'><img width=\"150\" height=\"150\" src=\"http:\/\/www.ffwschwebheim.de\/wp-content\/uploads\/2013\/01\/IMG_0119-150x150.jpg\" class=\"attachment-thumbnail size-thumbnail\" alt=\"\" decoding=\"async\" loading=\"lazy\" \/><\/a>\n\t\t\t<\/dt><\/dl><dl class='gallery-item'>\n\t\t\t<dt class='gallery-icon landscape'>\n\t\t\t\t<a href='http:\/\/www.ffwschwebheim.de\/?attachment_id=2140'><img width=\"150\" height=\"150\" src=\"http:\/\/www.ffwschwebheim.de\/wp-content\/uploads\/2013\/01\/IMG_0123-150x150.jpg\" class=\"attachment-thumbnail size-thumbnail\" alt=\"\" decoding=\"async\" loading=\"lazy\" \/><\/a>\n\t\t\t<\/dt><\/dl><dl class='gallery-item'>\n\t\t\t<dt class='gallery-icon landscape'>\n\t\t\t\t<a href='http:\/\/www.ffwschwebheim.de\/?attachment_id=2141'><img width=\"150\" height=\"150\" src=\"http:\/\/www.ffwschwebheim.de\/wp-content\/uploads\/2013\/01\/IMG_0126-150x150.jpg\" class=\"attachment-thumbnail size-thumbnail\" alt=\"\" decoding=\"async\" loading=\"lazy\" \/><\/a>\n\t\t\t<\/dt><\/dl><br style=\"clear: both\" \/><dl class='gallery-item'>\n\t\t\t<dt class='gallery-icon landscape'>\n\t\t\t\t<a href='http:\/\/www.ffwschwebheim.de\/?attachment_id=2142'><img width=\"150\" height=\"150\" src=\"http:\/\/www.ffwschwebheim.de\/wp-content\/uploads\/2013\/01\/IMG_0127-150x150.jpg\" class=\"attachment-thumbnail size-thumbnail\" alt=\"\" decoding=\"async\" loading=\"lazy\" \/><\/a>\n\t\t\t<\/dt><\/dl><dl class='gallery-item'>\n\t\t\t<dt class='gallery-icon landscape'>\n\t\t\t\t<a href='http:\/\/www.ffwschwebheim.de\/?attachment_id=2143'><img width=\"150\" height=\"150\" src=\"http:\/\/www.ffwschwebheim.de\/wp-content\/uploads\/2013\/01\/IMG_0129-150x150.jpg\" class=\"attachment-thumbnail size-thumbnail\" alt=\"\" decoding=\"async\" loading=\"lazy\" \/><\/a>\n\t\t\t<\/dt><\/dl><dl class='gallery-item'>\n\t\t\t<dt class='gallery-icon landscape'>\n\t\t\t\t<a href='http:\/\/www.ffwschwebheim.de\/?attachment_id=2144'><img width=\"150\" height=\"150\" src=\"http:\/\/www.ffwschwebheim.de\/wp-content\/uploads\/2013\/01\/IMG_0132-150x150.jpg\" class=\"attachment-thumbnail size-thumbnail\" alt=\"\" decoding=\"async\" loading=\"lazy\" \/><\/a>\n\t\t\t<\/dt><\/dl><br style=\"clear: both\" \/><dl class='gallery-item'>\n\t\t\t<dt class='gallery-icon landscape'>\n\t\t\t\t<a href='http:\/\/www.ffwschwebheim.de\/?attachment_id=2145'><img width=\"150\" height=\"150\" src=\"http:\/\/www.ffwschwebheim.de\/wp-content\/uploads\/2013\/01\/IMG_0133-150x150.jpg\" class=\"attachment-thumbnail size-thumbnail\" alt=\"\" decoding=\"async\" loading=\"lazy\" \/><\/a>\n\t\t\t<\/dt><\/dl><dl class='gallery-item'>\n\t\t\t<dt class='gallery-icon landscape'>\n\t\t\t\t<a href='http:\/\/www.ffwschwebheim.de\/?attachment_id=2146'><img width=\"150\" height=\"150\" src=\"http:\/\/www.ffwschwebheim.de\/wp-content\/uploads\/2013\/01\/IMG_0136-150x150.jpg\" class=\"attachment-thumbnail size-thumbnail\" alt=\"\" decoding=\"async\" loading=\"lazy\" \/><\/a>\n\t\t\t<\/dt><\/dl><dl class='gallery-item'>\n\t\t\t<dt class='gallery-icon landscape'>\n\t\t\t\t<a href='http:\/\/www.ffwschwebheim.de\/?attachment_id=2147'><img width=\"150\" height=\"150\" src=\"http:\/\/www.ffwschwebheim.de\/wp-content\/uploads\/2013\/01\/IMG_0139-150x150.jpg\" class=\"attachment-thumbnail size-thumbnail\" alt=\"\" decoding=\"async\" loading=\"lazy\" \/><\/a>\n\t\t\t<\/dt><\/dl><br style=\"clear: both\" \/><dl class='gallery-item'>\n\t\t\t<dt class='gallery-icon landscape'>\n\t\t\t\t<a href='http:\/\/www.ffwschwebheim.de\/?attachment_id=2148'><img width=\"150\" height=\"150\" src=\"http:\/\/www.ffwschwebheim.de\/wp-content\/uploads\/2013\/01\/IMG_0141-150x150.jpg\" class=\"attachment-thumbnail size-thumbnail\" alt=\"\" decoding=\"async\" loading=\"lazy\" \/><\/a>\n\t\t\t<\/dt><\/dl><dl class='gallery-item'>\n\t\t\t<dt class='gallery-icon landscape'>\n\t\t\t\t<a href='http:\/\/www.ffwschwebheim.de\/?attachment_id=2149'><img width=\"150\" height=\"150\" src=\"http:\/\/www.ffwschwebheim.de\/wp-content\/uploads\/2013\/01\/IMG_0144-150x150.jpg\" class=\"attachment-thumbnail size-thumbnail\" alt=\"\" decoding=\"async\" loading=\"lazy\" \/><\/a>\n\t\t\t<\/dt><\/dl><dl class='gallery-item'>\n\t\t\t<dt class='gallery-icon landscape'>\n\t\t\t\t<a href='http:\/\/www.ffwschwebheim.de\/?attachment_id=2150'><img width=\"150\" height=\"150\" src=\"http:\/\/www.ffwschwebheim.de\/wp-content\/uploads\/2013\/01\/IMG_0145-150x150.jpg\" class=\"attachment-thumbnail size-thumbnail\" alt=\"\" decoding=\"async\" loading=\"lazy\" \/><\/a>\n\t\t\t<\/dt><\/dl><br style=\"clear: both\" \/><dl class='gallery-item'>\n\t\t\t<dt class='gallery-icon landscape'>\n\t\t\t\t<a href='http:\/\/www.ffwschwebheim.de\/?attachment_id=2151'><img width=\"150\" height=\"150\" src=\"http:\/\/www.ffwschwebheim.de\/wp-content\/uploads\/2013\/01\/IMG_0146-150x150.jpg\" class=\"attachment-thumbnail size-thumbnail\" alt=\"\" decoding=\"async\" loading=\"lazy\" \/><\/a>\n\t\t\t<\/dt><\/dl><dl class='gallery-item'>\n\t\t\t<dt class='gallery-icon landscape'>\n\t\t\t\t<a href='http:\/\/www.ffwschwebheim.de\/?attachment_id=2152'><img width=\"150\" height=\"150\" src=\"http:\/\/www.ffwschwebheim.de\/wp-content\/uploads\/2013\/01\/IMG_0149-150x150.jpg\" class=\"attachment-thumbnail size-thumbnail\" alt=\"\" decoding=\"async\" loading=\"lazy\" \/><\/a>\n\t\t\t<\/dt><\/dl><dl class='gallery-item'>\n\t\t\t<dt class='gallery-icon landscape'>\n\t\t\t\t<a href='http:\/\/www.ffwschwebheim.de\/?attachment_id=2153'><img width=\"150\" height=\"150\" src=\"http:\/\/www.ffwschwebheim.de\/wp-content\/uploads\/2013\/01\/IMG_0152-150x150.jpg\" class=\"attachment-thumbnail size-thumbnail\" alt=\"\" decoding=\"async\" loading=\"lazy\" \/><\/a>\n\t\t\t<\/dt><\/dl><br style=\"clear: both\" \/><dl class='gallery-item'>\n\t\t\t<dt class='gallery-icon landscape'>\n\t\t\t\t<a href='http:\/\/www.ffwschwebheim.de\/?attachment_id=2154'><img width=\"150\" height=\"150\" src=\"http:\/\/www.ffwschwebheim.de\/wp-content\/uploads\/2013\/01\/IMG_0154-150x150.jpg\" class=\"attachment-thumbnail size-thumbnail\" alt=\"\" decoding=\"async\" loading=\"lazy\" \/><\/a>\n\t\t\t<\/dt><\/dl>\n\t\t\t<br style='clear: both' \/>\n\t\t<\/div>\n\n","protected":false},"excerpt":{"rendered":"<p>Begr\u00fc\u00dfung Der 1.Vorsitzende Martin Mai\u00df er\u00f6ffnete die Versammlung um 19:30 Uhr und begr\u00fc\u00dfte die anwesenden Feuerwehrkameraden, Vereinsmitglieder und G\u00e4ste. Insbesondere wurden der 1.B\u00fcrgermeister Hans Fischer, der 2.B\u00fcrgermeister Toni G\u00f6tschl, die Gemeinder\u00e4te, der amtierende Landrat Paul Heuler, der Kreisbrandrat Georg Vollmuth, &hellip; <a href=\"http:\/\/www.ffwschwebheim.de\/?p=2115\">Weiterlesen <span class=\"meta-nav\">&rarr;<\/span><\/a><\/p>\n","protected":false},"author":3,"featured_media":0,"comment_status":"closed","ping_status":"open","sticky":false,"template":"","format":"standard","meta":[],"categories":[23,21],"tags":[],"_links":{"self":[{"href":"http:\/\/www.ffwschwebheim.de\/index.php?rest_route=\/wp\/v2\/posts\/2115"}],"collection":[{"href":"http:\/\/www.ffwschwebheim.de\/index.php?rest_route=\/wp\/v2\/posts"}],"about":[{"href":"http:\/\/www.ffwschwebheim.de\/index.php?rest_route=\/wp\/v2\/types\/post"}],"author":[{"embeddable":true,"href":"http:\/\/www.ffwschwebheim.de\/index.php?rest_route=\/wp\/v2\/users\/3"}],"replies":[{"embeddable":true,"href":"http:\/\/www.ffwschwebheim.de\/index.php?rest_route=%2Fwp%2Fv2%2Fcomments&post=2115"}],"version-history":[{"count":5,"href":"http:\/\/www.ffwschwebheim.de\/index.php?rest_route=\/wp\/v2\/posts\/2115\/revisions"}],"predecessor-version":[{"id":2169,"href":"http:\/\/www.ffwschwebheim.de\/index.php?rest_route=\/wp\/v2\/posts\/2115\/revisions\/2169"}],"wp:attachment":[{"href":"http:\/\/www.ffwschwebheim.de\/index.php?rest_route=%2Fwp%2Fv2%2Fmedia&parent=2115"}],"wp:term":[{"taxonomy":"category","embeddable":true,"href":"http:\/\/www.ffwschwebheim.de\/index.php?rest_route=%2Fwp%2Fv2%2Fcategories&post=2115"},{"taxonomy":"post_tag","embeddable":true,"href":"http:\/\/www.ffwschwebheim.de\/index.php?rest_route=%2Fwp%2Fv2%2Ftags&post=2115"}],"curies":[{"name":"wp","href":"https:\/\/api.w.org\/{rel}","templated":true}]}}